{"id":31196,"date":"2024-10-21T07:01:18","date_gmt":"2024-10-21T05:01:18","guid":{"rendered":"https:\/\/www.kerstin-hoffmann.de\/pr-doktor\/?p=31196"},"modified":"2025-10-17T13:39:57","modified_gmt":"2025-10-17T11:39:57","slug":"kann-es-nur-eines-geben-staffel-3-des-social-ceo-podcast-gestartet","status":"publish","type":"post","link":"https:\/\/www.kerstin-hoffmann.de\/pr-doktor\/kann-es-nur-eines-geben-staffel-3-des-social-ceo-podcast-gestartet\/","title":{"rendered":"Kann es nur eines geben? \u2013 Staffel 3 des \u201eSocial CEO&#8220;-Podcast gestartet"},"content":{"rendered":"<p><a href=\"https:\/\/open.spotify.com\/episode\/55qaeGeHEiPRZnbO4AZqpd?si=hgsBsZbSScaLbhNvaa21iQ\"><img loading=\"lazy\" decoding=\"async\" class=\"alignnone wp-image-31210 size-full\" src=\"https:\/\/www.kerstin-hoffmann.de\/pr-doktor\/wp-content\/uploads\/2024\/10\/podcast_s3e1-4.png\" alt=\"Staffel 3 Episode 1\" width=\"825\" height=\"464\" srcset=\"https:\/\/www.kerstin-hoffmann.de\/pr-doktor\/wp-content\/uploads\/2024\/10\/podcast_s3e1-4.png 825w, https:\/\/www.kerstin-hoffmann.de\/pr-doktor\/wp-content\/uploads\/2024\/10\/podcast_s3e1-4-300x169.png 300w, https:\/\/www.kerstin-hoffmann.de\/pr-doktor\/wp-content\/uploads\/2024\/10\/podcast_s3e1-4-768x432.png 768w, https:\/\/www.kerstin-hoffmann.de\/pr-doktor\/wp-content\/uploads\/2024\/10\/podcast_s3e1-4-705x397.png 705w\" sizes=\"auto, (max-width: 825px) 100vw, 825px\" \/><\/a><\/p>\n<p><strong>Die dritte Staffel des \u201eSocial CEO&#8220;-Podcasts ist gestartet \u2013 mit einer kompakten Solofolge. In den folgenden Episoden erwarten Sie spannende Interviews mit ganz pers\u00f6nlichen Einblicken sehr unterschiedlicher Social CEOs sowie weitere Solofolgen, die sich jeweils auf einen Aspekt der erfolgreichen CEO-Kommunikation fokussieren.\u00a0\u00a0<\/strong><\/p>\n<div id=\"ez-toc-container\" class=\"ez-toc-v2_0_82_2 counter-hierarchy ez-toc-counter ez-toc-grey ez-toc-container-direction\">\n<div class=\"ez-toc-title-container\">\n<p class=\"ez-toc-title\" style=\"cursor:inherit\">Inhalt<\/p>\n<span class=\"ez-toc-title-toggle\"><a href=\"#\" class=\"ez-toc-pull-right ez-toc-btn ez-toc-btn-xs ez-toc-btn-default ez-toc-toggle\" aria-label=\"Toggle Table of Content\"><span class=\"ez-toc-js-icon-con\"><span class=\"\"><span class=\"eztoc-hide\" style=\"display:none;\">Toggle<\/span><span class=\"ez-toc-icon-toggle-span\"><svg style=\"fill: #999;color:#999\" xmlns=\"http:\/\/www.w3.org\/2000\/svg\" class=\"list-377408\" width=\"20px\" height=\"20px\" viewBox=\"0 0 24 24\" fill=\"none\"><path d=\"M6 6H4v2h2V6zm14 0H8v2h12V6zM4 11h2v2H4v-2zm16 0H8v2h12v-2zM4 16h2v2H4v-2zm16 0H8v2h12v-2z\" fill=\"currentColor\"><\/path><\/svg><svg style=\"fill: #999;color:#999\" class=\"arrow-unsorted-368013\" xmlns=\"http:\/\/www.w3.org\/2000\/svg\" width=\"10px\" height=\"10px\" viewBox=\"0 0 24 24\" version=\"1.2\" baseProfile=\"tiny\"><path d=\"M18.2 9.3l-6.2-6.3-6.2 6.3c-.2.2-.3.4-.3.7s.1.5.3.7c.2.2.4.3.7.3h11c.3 0 .5-.1.7-.3.2-.2.3-.5.3-.7s-.1-.5-.3-.7zM5.8 14.7l6.2 6.3 6.2-6.3c.2-.2.3-.5.3-.7s-.1-.5-.3-.7c-.2-.2-.4-.3-.7-.3h-11c-.3 0-.5.1-.7.3-.2.2-.3.5-.3.7s.1.5.3.7z\"\/><\/svg><\/span><\/span><\/span><\/a><\/span><\/div>\n<nav><ul class='ez-toc-list ez-toc-list-level-1 ' ><li class='ez-toc-page-1 ez-toc-heading-level-3'><a class=\"ez-toc-link ez-toc-heading-1\" href=\"https:\/\/www.kerstin-hoffmann.de\/pr-doktor\/kann-es-nur-eines-geben-staffel-3-des-social-ceo-podcast-gestartet\/#Staffel_3_Episode_1_anhoeren_%E2%80%9EKann_es_nur_eines_geben%E2%80%9C\" >Staffel 3, Episode 1 anh\u00f6ren: \u201eKann es nur eines geben?&#8220;<\/a><\/li><li class='ez-toc-page-1 ez-toc-heading-level-3'><a class=\"ez-toc-link ez-toc-heading-2\" href=\"https:\/\/www.kerstin-hoffmann.de\/pr-doktor\/kann-es-nur-eines-geben-staffel-3-des-social-ceo-podcast-gestartet\/#Ueber_diesen_Podcast\" >\u00dcber diesen Podcast<\/a><\/li><li class='ez-toc-page-1 ez-toc-heading-level-3'><a class=\"ez-toc-link ez-toc-heading-3\" href=\"https:\/\/www.kerstin-hoffmann.de\/pr-doktor\/kann-es-nur-eines-geben-staffel-3-des-social-ceo-podcast-gestartet\/#Der_Podcast_zum_Buch_%E2%80%93_das_Buch_zum_Spezialthema\" >Der Podcast zum Buch \u2013 das Buch zum Spezialthema<\/a><\/li><li class='ez-toc-page-1 ez-toc-heading-level-3'><a class=\"ez-toc-link ez-toc-heading-4\" href=\"https:\/\/www.kerstin-hoffmann.de\/pr-doktor\/kann-es-nur-eines-geben-staffel-3-des-social-ceo-podcast-gestartet\/#Nichts_verpassen_Neue_Podcast-Folgen_wertvolles_Wissen_Aktuelles\" >Nichts verpassen: Neue Podcast-Folgen, wertvolles Wissen, Aktuelles<\/a><\/li><\/ul><\/nav><\/div>\n\n<p>Wir sprechen von CEO-Kommunikation \u2013 und beziehen uns auf LinkedIn. Wir liefern praktischen Rat f\u00fcr die pers\u00f6nliche Redaktionsplanung in Social Media \u2013 und dann werden es oft doch wieder nur Tipps, wie sie man sie auf LinkedIn umsetzt. LinkedIn selbst ist voll mit Beratungsangeboten zu &#8230; ja, genau: LinkedIn.<\/p>\n<p>Ist das nicht ein bisschen selbstreferenziell? Geht es nur noch um diese Plattform? Oder worum geht es denn wirklich? Wie kann man eine pers\u00f6nliche Kommunikationsstrategie entwickeln, die sich nicht nur auf ein Medium fokussiert \u2013 aber doch f\u00fcr die Plattform funktioniert, die nun einmal momentan sowas wie den Goldstandard in der Business-Kommunikation bildet?<\/p>\n<p>Was bliebe von dieser Strategie eigentlich \u00fcbrig, wenn LinkedIn morgen zumachen w\u00fcrde? Und wo \u00fcberall muss die CEO-Kommunikation angebunden sein, welche Schnittstellen muss sie haben? In dieser Startfolge geht es um eine Frage, um die man einfach nicht herumkommt, wenn man sich mit dem Thema besch\u00e4ftigt: Gibt es eigentlich noch etwas neben LinkedIn?<\/p>\n<p>Wie schon in den vorigen Staffeln werden sich Solofolgen und Interviewfolgen abwechseln. In den Solo-Episoden betrachten wir jeweils einen Aspekt der erfolgreichen CEO-Kommunikation genauer. In den Interviewfolgen berichten CEOs, Vorst\u00e4nde, F\u00fchrungskr\u00e4fte von Ihren ganz pers\u00f6nlichen Strategien und Erfahrungen (nicht nur) in der digitalen Kommunikation.<\/p>\n<p>\u00dcbrigens: Nicht zuf\u00e4llig habe ich mich als erstes mit der Rolle von LinkedIn in der CEO-Kommunikation befasst. In der n\u00e4chsten Folge spreche ich mit einer sehr interessanten Interviewpartnerin, selbst auch eine erfolgreiche Social CEO, \u00fcber ein Ranking, um das niemand herumkommt, der sich mit dem Thema auseinandersetzt.<\/p>\n<div class=\"wp_b_box\">\n<h3><span class=\"ez-toc-section\" id=\"Staffel_3_Episode_1_anhoeren_%E2%80%9EKann_es_nur_eines_geben%E2%80%9C\"><\/span><span style=\"color: #ff6600;\">Staffel 3, Episode 1 anh\u00f6ren: \u201eKann es nur eines geben?&#8220;<\/span><span class=\"ez-toc-section-end\"><\/span><\/h3>\n<div id=\"attachment_31218\" style=\"width: 610px\" class=\"wp-caption alignnone\"><a href=\"https:\/\/open.spotify.com\/episode\/55qaeGeHEiPRZnbO4AZqpd?si=hgsBsZbSScaLbhNvaa21iQ\"><img loading=\"lazy\" decoding=\"async\" aria-describedby=\"caption-attachment-31218\" class=\"wp-image-31218 size-full\" src=\"https:\/\/www.kerstin-hoffmann.de\/pr-doktor\/wp-content\/uploads\/2024\/10\/player_s3_e1.png\" alt=\"Zur Episode: Kann es nur eines geben?\" width=\"600\" height=\"160\" srcset=\"https:\/\/www.kerstin-hoffmann.de\/pr-doktor\/wp-content\/uploads\/2024\/10\/player_s3_e1.png 600w, https:\/\/www.kerstin-hoffmann.de\/pr-doktor\/wp-content\/uploads\/2024\/10\/player_s3_e1-300x80.png 300w\" sizes=\"auto, (max-width: 600px) 100vw, 600px\" \/><\/a><p id=\"caption-attachment-31218\" class=\"wp-caption-text\"><a href=\"https:\/\/open.spotify.com\/episode\/55qaeGeHEiPRZnbO4AZqpd?si=89yMKhKAQ1S3j-mHI-2OkA\">Zur Episode: Kann es nur eines geben?<\/a><\/p><\/div>\n<\/div>\n<h3><span class=\"ez-toc-section\" id=\"Ueber_diesen_Podcast\"><\/span>\u00dcber diesen Podcast<span class=\"ez-toc-section-end\"><\/span><\/h3>\n<p>Was ist \u00fcberhaupt ein Social CEO? Wieso sollten sich heute alle F\u00fchrungskr\u00e4fte Gedanken \u00fcber ihre digitale Pr\u00e4senz machen? Wie sieht eine gute Strategie aus \u2013 und was ist daf\u00fcr zu tun? Was kann ich von erfolgreichen Beispielen lernen? Welche Gefahren drohen? Was n\u00fctzt die pers\u00f6nliche Sichtbarkeit mir selbst, und was bringt sie dem Unternehmen? Was hat es eigentlich insgesamt mit diesem Corporate-Influencer-Thema auf sich? \u2013 Ach, und wie \u00fcberzeuge ich als Kommunikationsverantwortliche meinen skeptischen Vorstand? Diese und viele weitere Fragen \u2013 und nat\u00fcrlich Antworten darauf! \u2013 werde ich in den kommenden Monaten in meinem neuen Podcast behandeln.<\/p>\n<div id=\"attachment_31212\" style=\"width: 510px\" class=\"wp-caption alignnone\"><img loading=\"lazy\" decoding=\"async\" aria-describedby=\"caption-attachment-31212\" class=\"wp-image-31212 size-full\" src=\"https:\/\/www.kerstin-hoffmann.de\/pr-doktor\/wp-content\/uploads\/2024\/10\/titel-neuokt24_ohnebanner_web.png\" alt=\"Podcast-Cover\" width=\"500\" height=\"500\" srcset=\"https:\/\/www.kerstin-hoffmann.de\/pr-doktor\/wp-content\/uploads\/2024\/10\/titel-neuokt24_ohnebanner_web.png 500w, https:\/\/www.kerstin-hoffmann.de\/pr-doktor\/wp-content\/uploads\/2024\/10\/titel-neuokt24_ohnebanner_web-300x300.png 300w, https:\/\/www.kerstin-hoffmann.de\/pr-doktor\/wp-content\/uploads\/2024\/10\/titel-neuokt24_ohnebanner_web-80x80.png 80w, https:\/\/www.kerstin-hoffmann.de\/pr-doktor\/wp-content\/uploads\/2024\/10\/titel-neuokt24_ohnebanner_web-36x36.png 36w, https:\/\/www.kerstin-hoffmann.de\/pr-doktor\/wp-content\/uploads\/2024\/10\/titel-neuokt24_ohnebanner_web-180x180.png 180w\" sizes=\"auto, (max-width: 500px) 100vw, 500px\" \/><p id=\"caption-attachment-31212\" class=\"wp-caption-text\"><a href=\"https:\/\/open.spotify.com\/show\/6mdcX33bEiEyjtxtgOEbwM?si=2670eff32fe14248\">Alle bisher erschienenen Folgen auf Spotify.<\/a><\/p><\/div>\n<p>In \u201eSocial CEO\u201c teile ich mit Ihnen Erfahrungen und Einblicke aus Praxis, Beratung, Forschung und genauer Beobachtung. Es gibt Tipps, Interviews und jede Menge wertvolles Wissen. Und Sie werden in Interviews viele verschiedene F\u00fchrungskr\u00e4fte kennenlernen \u2013 solche, von denen Sie vielleicht schon einmal geh\u00f6rt haben. Aber auch solche, die noch nicht in den bekannten Listen und Rankings auftauchen.<\/p>\n<h3><span class=\"ez-toc-section\" id=\"Der_Podcast_zum_Buch_%E2%80%93_das_Buch_zum_Spezialthema\"><\/span>Der Podcast zum Buch \u2013 das Buch zum Spezialthema<span class=\"ez-toc-section-end\"><\/span><\/h3>\n<p><a href=\"https:\/\/www.kerstin-hoffmann.de\/social-ceo\/\"><img loading=\"lazy\" decoding=\"async\" class=\"alignleft size-full wp-image-30275\" src=\"https:\/\/www.kerstin-hoffmann.de\/pr-doktor\/wp-content\/uploads\/2023\/11\/social_ceo_250.png\" alt=\"Buchcover Social CEO\" width=\"250\" height=\"338\" srcset=\"https:\/\/www.kerstin-hoffmann.de\/pr-doktor\/wp-content\/uploads\/2023\/11\/social_ceo_250.png 250w, https:\/\/www.kerstin-hoffmann.de\/pr-doktor\/wp-content\/uploads\/2023\/11\/social_ceo_250-222x300.png 222w\" sizes=\"auto, (max-width: 250px) 100vw, 250px\" \/><\/a>Der Podcast geh\u00f6rt zu dem umfangreichen Angebot mit Informationen und Wissen rund das Spezialthema Social CEO, aber auch insgesamt zum Thema Corporate Influencer, das ich begleitend zu meinem neuen Buch aufbaue. \u201eSocial CEO&#8220; ist im Haufe-Verlag erschienen.<\/p>\n<p>Das Buch ist vor allem: kompakt, kurz und auf das Wesentliche fokussiert. Es ist Wissensspeicher, Ratgeber, Argumentationshilfe und praktisches Handbuch in einem. Es liefert Hintergrund, eine strukturierte Einf\u00fchrung sowie eine kompakte, praxisnahe, stringent umzusetzende und sehr wirkungsvolle Methodik f\u00fcr die Reputationsbildung und die pers\u00f6nliche Kommunikationsstrategie exponierter Pers\u00f6nlichkeiten. Das Buch f\u00fchrt also vom \u201eWarum\u201c \u00fcber den strategischen Aufbau bis zur konsequenten Realisierung (nicht nur) in sozialen Netzwerken und generell in den Medien.<\/p>\n<p>In diesem Buch kommen Tools, Materialien und Methoden zum Einsatz, die ich in Corporate-Influencer-Projekten und speziell f\u00fcr das Executive Coaching von Social CEOs entwickelt habe. Checklisten und Tipp-Boxen f\u00fchren schnell in die Umsetzung. Vor allem auf der begleitenden Buch-Website finden Sie Beispiele f\u00fcr Social CEOs. Ich habe hier auch solche ausgew\u00e4hlt, die noch nicht sehr bekannt sind und nicht in den \u00fcblichen Rankings auftauchen.<\/p>\n<p><a href=\"https:\/\/www.kerstin-hoffmann.de\/social-ceo\/\">\u2192 Hier geht es zur Buch-Website mit vielen weiteren Informationen, Tools und Materialien.<\/a><\/p>\n<div class=\"wp_b_box\">\n<h3><span class=\"ez-toc-section\" id=\"Nichts_verpassen_Neue_Podcast-Folgen_wertvolles_Wissen_Aktuelles\"><\/span><span style=\"color: #ff6600;\">Nichts verpassen: Neue Podcast-Folgen, wertvolles Wissen, Aktuelles<\/span><span class=\"ez-toc-section-end\"><\/span><\/h3>\n<p>Als Erste von neuen Podcast-Folgen erfahren. Neues aus dem umfangreichen Angebot rund um das Buch direkt ins Postfach. Spannende Einblicke in die Welt der Corporate Influencer. Aktuelle Trends. Praxisbeispiele. Abonnieren Sie jetzt meinen Newsletter. Am besten gleich eintragen.<\/p>\n<p><a href=\"https:\/\/www.kerstin-hoffmann.de\/newsletter-kerstin\/\">\u2192 Hier geht es direkt zur Newsletter-Anmeldung.<\/a><\/p>\n<\/div>\n","protected":false},"excerpt":{"rendered":"<p>Die dritte Staffel des \u201eSocial CEO&#8220;-Podcasts ist gestartet \u2013 mit einer kompakten Solofolge. In den folgenden Episoden erwarten Sie spannende Interviews mit ganz pers\u00f6nlichen Einblicken sehr unterschiedlicher Social CEOs sowie weitere Solofolgen, die sich jeweils auf einen Aspekt der erfolgreichen CEO-Kommunikation fokussieren.\u00a0\u00a0 Wir sprechen von CEO-Kommunikation \u2013 und beziehen uns auf LinkedIn. Wir liefern praktischen [&hellip;]<\/p>\n","protected":false},"author":3,"featured_media":31214,"comment_status":"closed","ping_status":"closed","sticky":false,"template":"","format":"standard","meta":{"footnotes":""},"categories":[5176,8133],"tags":[],"class_list":["post-31196","post","type-post","status-publish","format-standard","has-post-thumbnail","hentry","category-markenbotschafter","category-social-ceo"],"yoast_head":"<!-- This site is optimized with the Yoast SEO plugin v26.9 - https:\/\/yoast.com\/product\/yoast-seo-wordpress\/ -->\n<title>Kann es nur eines geben? \u2013 Staffel 3 des \u201eSocial CEO&quot;-Podcast gestartet - PR-Doktor<\/title>\n<meta name=\"robots\" content=\"index, follow, max-snippet:-1, max-image-preview:large, max-video-preview:-1\" \/>\n<link rel=\"canonical\" href=\"https:\/\/www.kerstin-hoffmann.de\/pr-doktor\/kann-es-nur-eines-geben-staffel-3-des-social-ceo-podcast-gestartet\/\" \/>\n<meta property=\"og:locale\" content=\"de_DE\" \/>\n<meta property=\"og:type\" content=\"article\" \/>\n<meta property=\"og:title\" content=\"Kann es nur eines geben? \u2013 Staffel 3 des \u201eSocial CEO&quot;-Podcast gestartet - PR-Doktor\" \/>\n<meta property=\"og:description\" content=\"Die dritte Staffel des \u201eSocial CEO&#8220;-Podcasts ist gestartet \u2013 mit einer kompakten Solofolge. In den folgenden Episoden erwarten Sie spannende Interviews mit ganz pers\u00f6nlichen Einblicken sehr unterschiedlicher Social CEOs sowie weitere Solofolgen, die sich jeweils auf einen Aspekt der erfolgreichen CEO-Kommunikation fokussieren.\u00a0\u00a0 Wir sprechen von CEO-Kommunikation \u2013 und beziehen uns auf LinkedIn. Wir liefern praktischen [&hellip;]\" \/>\n<meta property=\"og:url\" content=\"https:\/\/www.kerstin-hoffmann.de\/pr-doktor\/kann-es-nur-eines-geben-staffel-3-des-social-ceo-podcast-gestartet\/\" \/>\n<meta property=\"og:site_name\" content=\"PR-Doktor\" \/>\n<meta property=\"article:published_time\" content=\"2024-10-21T05:01:18+00:00\" \/>\n<meta property=\"article:modified_time\" content=\"2025-10-17T11:39:57+00:00\" \/>\n<meta property=\"og:image\" content=\"https:\/\/www.kerstin-hoffmann.de\/pr-doktor\/wp-content\/uploads\/2024\/10\/podcast_s3e1-3.png\" \/>\n\t<meta property=\"og:image:width\" content=\"825\" \/>\n\t<meta property=\"og:image:height\" content=\"464\" \/>\n\t<meta property=\"og:image:type\" content=\"image\/png\" \/>\n<meta name=\"author\" content=\"Dr. Kerstin Hoffmann\" \/>\n<meta name=\"twitter:card\" content=\"summary_large_image\" \/>\n<meta name=\"twitter:label1\" content=\"Verfasst von\" \/>\n\t<meta name=\"twitter:data1\" content=\"Dr. Kerstin Hoffmann\" \/>\n\t<meta name=\"twitter:label2\" content=\"Gesch\u00e4tzte Lesezeit\" \/>\n\t<meta name=\"twitter:data2\" content=\"5\u00a0Minuten\" \/>\n<script type=\"application\/ld+json\" class=\"yoast-schema-graph\">{\"@context\":\"https:\/\/schema.org\",\"@graph\":[{\"@type\":\"Article\",\"@id\":\"https:\/\/www.kerstin-hoffmann.de\/pr-doktor\/kann-es-nur-eines-geben-staffel-3-des-social-ceo-podcast-gestartet\/#article\",\"isPartOf\":{\"@id\":\"https:\/\/www.kerstin-hoffmann.de\/pr-doktor\/kann-es-nur-eines-geben-staffel-3-des-social-ceo-podcast-gestartet\/\"},\"author\":{\"name\":\"Dr. Kerstin Hoffmann\",\"@id\":\"https:\/\/www.kerstin-hoffmann.de\/pr-doktor\/#\/schema\/person\/3fd19b0d213c802a9e0f4ab213f8e1be\"},\"headline\":\"Kann es nur eines geben? \u2013 Staffel 3 des \u201eSocial CEO&#8220;-Podcast gestartet\",\"datePublished\":\"2024-10-21T05:01:18+00:00\",\"dateModified\":\"2025-10-17T11:39:57+00:00\",\"mainEntityOfPage\":{\"@id\":\"https:\/\/www.kerstin-hoffmann.de\/pr-doktor\/kann-es-nur-eines-geben-staffel-3-des-social-ceo-podcast-gestartet\/\"},\"wordCount\":761,\"image\":{\"@id\":\"https:\/\/www.kerstin-hoffmann.de\/pr-doktor\/kann-es-nur-eines-geben-staffel-3-des-social-ceo-podcast-gestartet\/#primaryimage\"},\"thumbnailUrl\":\"https:\/\/www.kerstin-hoffmann.de\/pr-doktor\/wp-content\/uploads\/2024\/10\/podcast_s3e1-3.png\",\"articleSection\":[\"Corporate Influencer\/Markenbotschafter\",\"Social CEO\"],\"inLanguage\":\"de\"},{\"@type\":\"WebPage\",\"@id\":\"https:\/\/www.kerstin-hoffmann.de\/pr-doktor\/kann-es-nur-eines-geben-staffel-3-des-social-ceo-podcast-gestartet\/\",\"url\":\"https:\/\/www.kerstin-hoffmann.de\/pr-doktor\/kann-es-nur-eines-geben-staffel-3-des-social-ceo-podcast-gestartet\/\",\"name\":\"Kann es nur eines geben? \u2013 Staffel 3 des \u201eSocial CEO\\\"-Podcast gestartet - PR-Doktor\",\"isPartOf\":{\"@id\":\"https:\/\/www.kerstin-hoffmann.de\/pr-doktor\/#website\"},\"primaryImageOfPage\":{\"@id\":\"https:\/\/www.kerstin-hoffmann.de\/pr-doktor\/kann-es-nur-eines-geben-staffel-3-des-social-ceo-podcast-gestartet\/#primaryimage\"},\"image\":{\"@id\":\"https:\/\/www.kerstin-hoffmann.de\/pr-doktor\/kann-es-nur-eines-geben-staffel-3-des-social-ceo-podcast-gestartet\/#primaryimage\"},\"thumbnailUrl\":\"https:\/\/www.kerstin-hoffmann.de\/pr-doktor\/wp-content\/uploads\/2024\/10\/podcast_s3e1-3.png\",\"datePublished\":\"2024-10-21T05:01:18+00:00\",\"dateModified\":\"2025-10-17T11:39:57+00:00\",\"author\":{\"@id\":\"https:\/\/www.kerstin-hoffmann.de\/pr-doktor\/#\/schema\/person\/3fd19b0d213c802a9e0f4ab213f8e1be\"},\"breadcrumb\":{\"@id\":\"https:\/\/www.kerstin-hoffmann.de\/pr-doktor\/kann-es-nur-eines-geben-staffel-3-des-social-ceo-podcast-gestartet\/#breadcrumb\"},\"inLanguage\":\"de\",\"potentialAction\":[{\"@type\":\"ReadAction\",\"target\":[\"https:\/\/www.kerstin-hoffmann.de\/pr-doktor\/kann-es-nur-eines-geben-staffel-3-des-social-ceo-podcast-gestartet\/\"]}]},{\"@type\":\"ImageObject\",\"inLanguage\":\"de\",\"@id\":\"https:\/\/www.kerstin-hoffmann.de\/pr-doktor\/kann-es-nur-eines-geben-staffel-3-des-social-ceo-podcast-gestartet\/#primaryimage\",\"url\":\"https:\/\/www.kerstin-hoffmann.de\/pr-doktor\/wp-content\/uploads\/2024\/10\/podcast_s3e1-3.png\",\"contentUrl\":\"https:\/\/www.kerstin-hoffmann.de\/pr-doktor\/wp-content\/uploads\/2024\/10\/podcast_s3e1-3.png\",\"width\":825,\"height\":464,\"caption\":\"Staffel 3 Episode 1\"},{\"@type\":\"BreadcrumbList\",\"@id\":\"https:\/\/www.kerstin-hoffmann.de\/pr-doktor\/kann-es-nur-eines-geben-staffel-3-des-social-ceo-podcast-gestartet\/#breadcrumb\",\"itemListElement\":[{\"@type\":\"ListItem\",\"position\":1,\"name\":\"Start\",\"item\":\"https:\/\/www.kerstin-hoffmann.de\/pr-doktor\/\"},{\"@type\":\"ListItem\",\"position\":2,\"name\":\"Kann es nur eines geben? \u2013 Staffel 3 des \u201eSocial CEO&#8220;-Podcast gestartet\"}]},{\"@type\":\"WebSite\",\"@id\":\"https:\/\/www.kerstin-hoffmann.de\/pr-doktor\/#website\",\"url\":\"https:\/\/www.kerstin-hoffmann.de\/pr-doktor\/\",\"name\":\"PR-Doktor\",\"description\":\"Magazin f\u00fcr Kommunikation und Marketing\",\"potentialAction\":[{\"@type\":\"SearchAction\",\"target\":{\"@type\":\"EntryPoint\",\"urlTemplate\":\"https:\/\/www.kerstin-hoffmann.de\/pr-doktor\/?s={search_term_string}\"},\"query-input\":{\"@type\":\"PropertyValueSpecification\",\"valueRequired\":true,\"valueName\":\"search_term_string\"}}],\"inLanguage\":\"de\"},{\"@type\":\"Person\",\"@id\":\"https:\/\/www.kerstin-hoffmann.de\/pr-doktor\/#\/schema\/person\/3fd19b0d213c802a9e0f4ab213f8e1be\",\"name\":\"Dr. Kerstin Hoffmann\",\"description\":\"Sch\u00f6n, dass Sie hier mitlesen. Ich bin Kerstin Hoffmann. Seit vielen Jahren berate und begleite ich Unternehmen in ihrer Kommunikationsstrategie und im Content-Marketing. Besonders spezialisiert bin ich zudem auf Corporate-Influencer-Strategien. Ich halte Vortr\u00e4ge und schreibe B\u00fccher. Lange habe ich an der Heinrich-Heine-Universit\u00e4t D\u00fcsseldorf gelehrt, bis heute gebe ich Gastvorlesungen an verschiedenen Hochschulen.\",\"sameAs\":[\"https:\/\/www.kerstin-hoffmann.de\"],\"url\":\"https:\/\/www.kerstin-hoffmann.de\/pr-doktor\/author\/kerstinhoffmann\/\"}]}<\/script>\n<!-- \/ Yoast SEO plugin. -->","yoast_head_json":{"title":"Kann es nur eines geben? \u2013 Staffel 3 des \u201eSocial CEO\"-Podcast gestartet - PR-Doktor","robots":{"index":"index","follow":"follow","max-snippet":"max-snippet:-1","max-image-preview":"max-image-preview:large","max-video-preview":"max-video-preview:-1"},"canonical":"https:\/\/www.kerstin-hoffmann.de\/pr-doktor\/kann-es-nur-eines-geben-staffel-3-des-social-ceo-podcast-gestartet\/","og_locale":"de_DE","og_type":"article","og_title":"Kann es nur eines geben? \u2013 Staffel 3 des \u201eSocial CEO\"-Podcast gestartet - PR-Doktor","og_description":"Die dritte Staffel des \u201eSocial CEO&#8220;-Podcasts ist gestartet \u2013 mit einer kompakten Solofolge. In den folgenden Episoden erwarten Sie spannende Interviews mit ganz pers\u00f6nlichen Einblicken sehr unterschiedlicher Social CEOs sowie weitere Solofolgen, die sich jeweils auf einen Aspekt der erfolgreichen CEO-Kommunikation fokussieren.\u00a0\u00a0 Wir sprechen von CEO-Kommunikation \u2013 und beziehen uns auf LinkedIn. Wir liefern praktischen [&hellip;]","og_url":"https:\/\/www.kerstin-hoffmann.de\/pr-doktor\/kann-es-nur-eines-geben-staffel-3-des-social-ceo-podcast-gestartet\/","og_site_name":"PR-Doktor","article_published_time":"2024-10-21T05:01:18+00:00","article_modified_time":"2025-10-17T11:39:57+00:00","og_image":[{"width":825,"height":464,"url":"https:\/\/www.kerstin-hoffmann.de\/pr-doktor\/wp-content\/uploads\/2024\/10\/podcast_s3e1-3.png","type":"image\/png"}],"author":"Dr. Kerstin Hoffmann","twitter_card":"summary_large_image","twitter_misc":{"Verfasst von":"Dr. Kerstin Hoffmann","Gesch\u00e4tzte Lesezeit":"5\u00a0Minuten"},"schema":{"@context":"https:\/\/schema.org","@graph":[{"@type":"Article","@id":"https:\/\/www.kerstin-hoffmann.de\/pr-doktor\/kann-es-nur-eines-geben-staffel-3-des-social-ceo-podcast-gestartet\/#article","isPartOf":{"@id":"https:\/\/www.kerstin-hoffmann.de\/pr-doktor\/kann-es-nur-eines-geben-staffel-3-des-social-ceo-podcast-gestartet\/"},"author":{"name":"Dr. Kerstin Hoffmann","@id":"https:\/\/www.kerstin-hoffmann.de\/pr-doktor\/#\/schema\/person\/3fd19b0d213c802a9e0f4ab213f8e1be"},"headline":"Kann es nur eines geben? \u2013 Staffel 3 des \u201eSocial CEO&#8220;-Podcast gestartet","datePublished":"2024-10-21T05:01:18+00:00","dateModified":"2025-10-17T11:39:57+00:00","mainEntityOfPage":{"@id":"https:\/\/www.kerstin-hoffmann.de\/pr-doktor\/kann-es-nur-eines-geben-staffel-3-des-social-ceo-podcast-gestartet\/"},"wordCount":761,"image":{"@id":"https:\/\/www.kerstin-hoffmann.de\/pr-doktor\/kann-es-nur-eines-geben-staffel-3-des-social-ceo-podcast-gestartet\/#primaryimage"},"thumbnailUrl":"https:\/\/www.kerstin-hoffmann.de\/pr-doktor\/wp-content\/uploads\/2024\/10\/podcast_s3e1-3.png","articleSection":["Corporate Influencer\/Markenbotschafter","Social CEO"],"inLanguage":"de"},{"@type":"WebPage","@id":"https:\/\/www.kerstin-hoffmann.de\/pr-doktor\/kann-es-nur-eines-geben-staffel-3-des-social-ceo-podcast-gestartet\/","url":"https:\/\/www.kerstin-hoffmann.de\/pr-doktor\/kann-es-nur-eines-geben-staffel-3-des-social-ceo-podcast-gestartet\/","name":"Kann es nur eines geben? \u2013 Staffel 3 des \u201eSocial CEO\"-Podcast gestartet - PR-Doktor","isPartOf":{"@id":"https:\/\/www.kerstin-hoffmann.de\/pr-doktor\/#website"},"primaryImageOfPage":{"@id":"https:\/\/www.kerstin-hoffmann.de\/pr-doktor\/kann-es-nur-eines-geben-staffel-3-des-social-ceo-podcast-gestartet\/#primaryimage"},"image":{"@id":"https:\/\/www.kerstin-hoffmann.de\/pr-doktor\/kann-es-nur-eines-geben-staffel-3-des-social-ceo-podcast-gestartet\/#primaryimage"},"thumbnailUrl":"https:\/\/www.kerstin-hoffmann.de\/pr-doktor\/wp-content\/uploads\/2024\/10\/podcast_s3e1-3.png","datePublished":"2024-10-21T05:01:18+00:00","dateModified":"2025-10-17T11:39:57+00:00","author":{"@id":"https:\/\/www.kerstin-hoffmann.de\/pr-doktor\/#\/schema\/person\/3fd19b0d213c802a9e0f4ab213f8e1be"},"breadcrumb":{"@id":"https:\/\/www.kerstin-hoffmann.de\/pr-doktor\/kann-es-nur-eines-geben-staffel-3-des-social-ceo-podcast-gestartet\/#breadcrumb"},"inLanguage":"de","potentialAction":[{"@type":"ReadAction","target":["https:\/\/www.kerstin-hoffmann.de\/pr-doktor\/kann-es-nur-eines-geben-staffel-3-des-social-ceo-podcast-gestartet\/"]}]},{"@type":"ImageObject","inLanguage":"de","@id":"https:\/\/www.kerstin-hoffmann.de\/pr-doktor\/kann-es-nur-eines-geben-staffel-3-des-social-ceo-podcast-gestartet\/#primaryimage","url":"https:\/\/www.kerstin-hoffmann.de\/pr-doktor\/wp-content\/uploads\/2024\/10\/podcast_s3e1-3.png","contentUrl":"https:\/\/www.kerstin-hoffmann.de\/pr-doktor\/wp-content\/uploads\/2024\/10\/podcast_s3e1-3.png","width":825,"height":464,"caption":"Staffel 3 Episode 1"},{"@type":"BreadcrumbList","@id":"https:\/\/www.kerstin-hoffmann.de\/pr-doktor\/kann-es-nur-eines-geben-staffel-3-des-social-ceo-podcast-gestartet\/#breadcrumb","itemListElement":[{"@type":"ListItem","position":1,"name":"Start","item":"https:\/\/www.kerstin-hoffmann.de\/pr-doktor\/"},{"@type":"ListItem","position":2,"name":"Kann es nur eines geben? \u2013 Staffel 3 des \u201eSocial CEO&#8220;-Podcast gestartet"}]},{"@type":"WebSite","@id":"https:\/\/www.kerstin-hoffmann.de\/pr-doktor\/#website","url":"https:\/\/www.kerstin-hoffmann.de\/pr-doktor\/","name":"PR-Doktor","description":"Magazin f\u00fcr Kommunikation und Marketing","potentialAction":[{"@type":"SearchAction","target":{"@type":"EntryPoint","urlTemplate":"https:\/\/www.kerstin-hoffmann.de\/pr-doktor\/?s={search_term_string}"},"query-input":{"@type":"PropertyValueSpecification","valueRequired":true,"valueName":"search_term_string"}}],"inLanguage":"de"},{"@type":"Person","@id":"https:\/\/www.kerstin-hoffmann.de\/pr-doktor\/#\/schema\/person\/3fd19b0d213c802a9e0f4ab213f8e1be","name":"Dr. Kerstin Hoffmann","description":"Sch\u00f6n, dass Sie hier mitlesen. Ich bin Kerstin Hoffmann. Seit vielen Jahren berate und begleite ich Unternehmen in ihrer Kommunikationsstrategie und im Content-Marketing. Besonders spezialisiert bin ich zudem auf Corporate-Influencer-Strategien. Ich halte Vortr\u00e4ge und schreibe B\u00fccher. Lange habe ich an der Heinrich-Heine-Universit\u00e4t D\u00fcsseldorf gelehrt, bis heute gebe ich Gastvorlesungen an verschiedenen Hochschulen.","sameAs":["https:\/\/www.kerstin-hoffmann.de"],"url":"https:\/\/www.kerstin-hoffmann.de\/pr-doktor\/author\/kerstinhoffmann\/"}]}},"_links":{"self":[{"href":"https:\/\/www.kerstin-hoffmann.de\/pr-doktor\/wp-json\/wp\/v2\/posts\/31196","targetHints":{"allow":["GET"]}}],"collection":[{"href":"https:\/\/www.kerstin-hoffmann.de\/pr-doktor\/wp-json\/wp\/v2\/posts"}],"about":[{"href":"https:\/\/www.kerstin-hoffmann.de\/pr-doktor\/wp-json\/wp\/v2\/types\/post"}],"author":[{"embeddable":true,"href":"https:\/\/www.kerstin-hoffmann.de\/pr-doktor\/wp-json\/wp\/v2\/users\/3"}],"replies":[{"embeddable":true,"href":"https:\/\/www.kerstin-hoffmann.de\/pr-doktor\/wp-json\/wp\/v2\/comments?post=31196"}],"version-history":[{"count":0,"href":"https:\/\/www.kerstin-hoffmann.de\/pr-doktor\/wp-json\/wp\/v2\/posts\/31196\/revisions"}],"wp:featuredmedia":[{"embeddable":true,"href":"https:\/\/www.kerstin-hoffmann.de\/pr-doktor\/wp-json\/wp\/v2\/media\/31214"}],"wp:attachment":[{"href":"https:\/\/www.kerstin-hoffmann.de\/pr-doktor\/wp-json\/wp\/v2\/media?parent=31196"}],"wp:term":[{"taxonomy":"category","embeddable":true,"href":"https:\/\/www.kerstin-hoffmann.de\/pr-doktor\/wp-json\/wp\/v2\/categories?post=31196"},{"taxonomy":"post_tag","embeddable":true,"href":"https:\/\/www.kerstin-hoffmann.de\/pr-doktor\/wp-json\/wp\/v2\/tags?post=31196"}],"curies":[{"name":"wp","href":"https:\/\/api.w.org\/{rel}","templated":true}]}}