{"id":27867,"date":"2021-09-08T06:44:57","date_gmt":"2021-09-08T04:44:57","guid":{"rendered":"https:\/\/www.kerstin-hoffmann.de\/pr-doktor\/?p=27867"},"modified":"2022-03-31T17:25:13","modified_gmt":"2022-03-31T15:25:13","slug":"mythos-social-media-kundengewinnung","status":"publish","type":"post","link":"https:\/\/www.kerstin-hoffmann.de\/pr-doktor\/mythos-social-media-kundengewinnung\/","title":{"rendered":"Der hartn\u00e4ckigste Mythos der Social-Media-Geschichte\u00a0"},"content":{"rendered":"<p><img loading=\"lazy\" decoding=\"async\" class=\"aligncenter size-full wp-image-27868\" src=\"https:\/\/www.kerstin-hoffmann.de\/pr-doktor\/wp-content\/uploads\/2021\/09\/mythen-social-media.jpg\" alt=\"\" width=\"825\" height=\"464\" srcset=\"https:\/\/www.kerstin-hoffmann.de\/pr-doktor\/wp-content\/uploads\/2021\/09\/mythen-social-media.jpg 825w, https:\/\/www.kerstin-hoffmann.de\/pr-doktor\/wp-content\/uploads\/2021\/09\/mythen-social-media-300x169.jpg 300w, https:\/\/www.kerstin-hoffmann.de\/pr-doktor\/wp-content\/uploads\/2021\/09\/mythen-social-media-768x432.jpg 768w, https:\/\/www.kerstin-hoffmann.de\/pr-doktor\/wp-content\/uploads\/2021\/09\/mythen-social-media-705x397.jpg 705w\" sizes=\"auto, (max-width: 825px) 100vw, 825px\" \/><\/p>\n<p><strong>\u201eMeine Kunden sind nicht in Social Media!&#8220; \u2013 Als ich vor wenigen Tagen diese Behauptung als Argument gegen eigene unternehmerische Aktivit\u00e4ten in sozialen Netzwerken las, habe ich ganz sch\u00f6n gestaunt. Wie ich \u00fcbrigens seit ungef\u00e4hr 2007 jedes Mal staune, wenn ich so etwas mal wieder wortgleich lese oder h\u00f6re.<\/strong><\/p>\n<p><strong>Doch je mehr die Zeit voranschreitet, desto \u00fcberholter ist dieser Mythos \u2013 der aber offenbar zu den hartn\u00e4ckigsten in Sachen Social Media \u00fcberhaupt geh\u00f6rt. Stereotyp wird er selbst von solchen Menschen wiederholt, die es eigentlich besser wissen m\u00fcssten. Daher lohnt es sich offensichtlich, doch noch einmal ausf\u00fchrlich auf das Thema einzugehen.<\/strong><\/p>\n<div id=\"ez-toc-container\" class=\"ez-toc-v2_0_82_2 counter-hierarchy ez-toc-counter ez-toc-grey ez-toc-container-direction\">\n<div class=\"ez-toc-title-container\">\n<p class=\"ez-toc-title\" style=\"cursor:inherit\">Inhalt<\/p>\n<span class=\"ez-toc-title-toggle\"><a href=\"#\" class=\"ez-toc-pull-right ez-toc-btn ez-toc-btn-xs ez-toc-btn-default ez-toc-toggle\" aria-label=\"Toggle Table of Content\"><span class=\"ez-toc-js-icon-con\"><span class=\"\"><span class=\"eztoc-hide\" style=\"display:none;\">Toggle<\/span><span class=\"ez-toc-icon-toggle-span\"><svg style=\"fill: #999;color:#999\" xmlns=\"http:\/\/www.w3.org\/2000\/svg\" class=\"list-377408\" width=\"20px\" height=\"20px\" viewBox=\"0 0 24 24\" fill=\"none\"><path d=\"M6 6H4v2h2V6zm14 0H8v2h12V6zM4 11h2v2H4v-2zm16 0H8v2h12v-2zM4 16h2v2H4v-2zm16 0H8v2h12v-2z\" fill=\"currentColor\"><\/path><\/svg><svg style=\"fill: #999;color:#999\" class=\"arrow-unsorted-368013\" xmlns=\"http:\/\/www.w3.org\/2000\/svg\" width=\"10px\" height=\"10px\" viewBox=\"0 0 24 24\" version=\"1.2\" baseProfile=\"tiny\"><path d=\"M18.2 9.3l-6.2-6.3-6.2 6.3c-.2.2-.3.4-.3.7s.1.5.3.7c.2.2.4.3.7.3h11c.3 0 .5-.1.7-.3.2-.2.3-.5.3-.7s-.1-.5-.3-.7zM5.8 14.7l6.2 6.3 6.2-6.3c.2-.2.3-.5.3-.7s-.1-.5-.3-.7c-.2-.2-.4-.3-.7-.3h-11c-.3 0-.5.1-.7.3-.2.2-.3.5-.3.7s.1.5.3.7z\"\/><\/svg><\/span><\/span><\/span><\/a><\/span><\/div>\n<nav><ul class='ez-toc-list ez-toc-list-level-1 ' ><ul class='ez-toc-list-level-3' ><li class='ez-toc-heading-level-3'><a class=\"ez-toc-link ez-toc-heading-1\" href=\"https:\/\/www.kerstin-hoffmann.de\/pr-doktor\/mythos-social-media-kundengewinnung\/#Warum_es_sich_lohnt_die_Behauptung_zu_hinterfragen\" >Warum es sich lohnt, die Behauptung zu hinterfragen<\/a><\/li><\/ul><\/li><li class='ez-toc-page-1 ez-toc-heading-level-2'><a class=\"ez-toc-link ez-toc-heading-2\" href=\"https:\/\/www.kerstin-hoffmann.de\/pr-doktor\/mythos-social-media-kundengewinnung\/#Hier_sind_sieben_Argumente_um_mit_dem_hartnaeckigen_Mythos_ein_fuer_allemal_aufzuraeumen\" >Hier sind sieben Argumente, um mit dem hartn\u00e4ckigen Mythos ein f\u00fcr allemal aufzur\u00e4umen:<\/a><ul class='ez-toc-list-level-3' ><li class='ez-toc-heading-level-3'><a class=\"ez-toc-link ez-toc-heading-3\" href=\"https:\/\/www.kerstin-hoffmann.de\/pr-doktor\/mythos-social-media-kundengewinnung\/#1_%E2%80%9EWoher_weisst_du_das_ueberhaupt%E2%80%9C\" >1. \u201eWoher wei\u00dft du das \u00fcberhaupt?&#8220;<\/a><\/li><li class='ez-toc-page-1 ez-toc-heading-level-3'><a class=\"ez-toc-link ez-toc-heading-4\" href=\"https:\/\/www.kerstin-hoffmann.de\/pr-doktor\/mythos-social-media-kundengewinnung\/#2_Social_Media_ist_viel_mehr_als_nur_direkte_Kunden\" >2. Social Media ist viel mehr als nur direkte Kunden<\/a><\/li><li class='ez-toc-page-1 ez-toc-heading-level-3'><a class=\"ez-toc-link ez-toc-heading-5\" href=\"https:\/\/www.kerstin-hoffmann.de\/pr-doktor\/mythos-social-media-kundengewinnung\/#3_Social_Media_ist_viel_mehr_als_Werbung\" >3. Social Media ist viel mehr als Werbung<\/a><\/li><li class='ez-toc-page-1 ez-toc-heading-level-3'><a class=\"ez-toc-link ez-toc-heading-6\" href=\"https:\/\/www.kerstin-hoffmann.de\/pr-doktor\/mythos-social-media-kundengewinnung\/#4_Die_Kunden_sind_nicht_abwesend_Die_gehen_vielleicht_nur_in_Deckung\" >4. Die Kunden sind nicht abwesend. Die gehen vielleicht nur in Deckung.<\/a><\/li><li class='ez-toc-page-1 ez-toc-heading-level-3'><a class=\"ez-toc-link ez-toc-heading-7\" href=\"https:\/\/www.kerstin-hoffmann.de\/pr-doktor\/mythos-social-media-kundengewinnung\/#5_Social_Media_ist_viel_mehr_als_die_grossen_sozialen_Netzwerke\" >5. Social Media ist viel mehr als die gro\u00dfen sozialen Netzwerke<\/a><\/li><li class='ez-toc-page-1 ez-toc-heading-level-3'><a class=\"ez-toc-link ez-toc-heading-8\" href=\"https:\/\/www.kerstin-hoffmann.de\/pr-doktor\/mythos-social-media-kundengewinnung\/#6_Noch_irgendjemand_ohne_Suchmaschine\" >6. Noch irgendjemand ohne Suchmaschine?<\/a><\/li><li class='ez-toc-page-1 ez-toc-heading-level-3'><a class=\"ez-toc-link ez-toc-heading-9\" href=\"https:\/\/www.kerstin-hoffmann.de\/pr-doktor\/mythos-social-media-kundengewinnung\/#7_Krisenfestigkeit_braucht_Netzwerke\" >7. Krisenfestigkeit braucht Netzwerke<\/a><\/li><\/ul><\/li><\/ul><\/nav><\/div>\n\n<h3><span class=\"ez-toc-section\" id=\"Warum_es_sich_lohnt_die_Behauptung_zu_hinterfragen\"><\/span>Warum es sich lohnt, die Behauptung zu hinterfragen<span class=\"ez-toc-section-end\"><\/span><\/h3>\n<p>Nun muss ja niemand in sozialen Netzwerken f\u00fcr das eigene Unternehmen werben und aktiv netzwerken. Aber es ist schade, wenn Unternehmer*innen und Entscheider aus Unwissen die vorhandenen Potentiale nicht nutzen. Nicht zuletzt bekommen dadurch wertvolle Angebote und Produkte nicht die Aufmerksamkeit, die sie verdienen \u2013 und diejenigen, die sie brauchen k\u00f6nnten, erfahren oft nicht davon.<\/p>\n<h2><span class=\"ez-toc-section\" id=\"Hier_sind_sieben_Argumente_um_mit_dem_hartnaeckigen_Mythos_ein_fuer_allemal_aufzuraeumen\"><\/span>Hier sind sieben Argumente, um mit dem hartn\u00e4ckigen Mythos ein f\u00fcr allemal aufzur\u00e4umen:<span class=\"ez-toc-section-end\"><\/span><\/h2>\n<h3><span class=\"ez-toc-section\" id=\"1_%E2%80%9EWoher_weisst_du_das_ueberhaupt%E2%80%9C\"><\/span>1. \u201eWoher wei\u00dft du das \u00fcberhaupt?&#8220;<span class=\"ez-toc-section-end\"><\/span><\/h3>\n<p>Wer selbst nicht in Social Media aktiv ist und dann behauptet, die Kunden w\u00e4ren auch nicht dort, schafft damit einen Zirkelbeweis<em>. <\/em>Wo man selbst nicht hinschaut, kann man nat\u00fcrlich auch nichts sehen. Das ist \u00fcbrigens so \u00e4hnlich wie bei der (tats\u00e4chlich!) bis heute (!) oft wiederholten Behauptung, man brauche keine mobile Website, weil die Kunden die eigene Website ohnehin nur auf dem Desktop ans\u00e4hen. Beweisen k\u00f6nne man das mit den Analysedaten der (nicht mobiltauglichen!) Website. Ja, Kunstst\u00fcck, oder?<\/p>\n<h3><span class=\"ez-toc-section\" id=\"2_Social_Media_ist_viel_mehr_als_nur_direkte_Kunden\"><\/span>2. Social Media ist viel mehr als nur direkte Kunden<span class=\"ez-toc-section-end\"><\/span><\/h3>\n<p>Wer bei eigenen Aktivit\u00e4ten in Sachen Social-Media-Marketing, Content-Marketing, Community-Building, Netzwerkaufbau (&#8230;) nur immer auf die direkten Kunden schielt und zielt, greift viel zu kurz. Jeder Netzwerk-Kontakt bildet eine potentielle Schnittstelle in weitere Netzwerke und Communitys. Empfehler haben Zugang zu Menschen, die selbst in dem einen oder anderen Netzwerk nicht pr\u00e4sent sind.<\/p>\n<h3><span class=\"ez-toc-section\" id=\"3_Social_Media_ist_viel_mehr_als_Werbung\"><\/span>3. Social Media ist viel mehr als Werbung<span class=\"ez-toc-section-end\"><\/span><\/h3>\n<p>Nat\u00fcrlich ergibt es keinen Sinn, Anzeigen f\u00fcr eine direkte Kundenzielgruppe auf Facebook oder Instagram zu schalten, wenn die Analyse und das Listening (die Sie ja hoffentlich gr\u00fcndlich vorgenommen haben!), ergeben, dass diese Zielgruppe dort nicht vorhanden sind.<\/p>\n<p>Doch das hei\u00dft ja nicht dass es keinen Sinn erg\u00e4be, hier als Unternehmen, als Corporate Influencer\u00a0oder auch als Solopreneur*in pr\u00e4sent zu sein, um Sichtbarkeit und Reichweite zu erzielen und das eigene Netzwerk auszubauen \u2013 siehe auch voriger Punkt.\u00a0Und nicht zuletzt geht es ja in den Social-Media-Aktivit\u00e4ten auch darum, das eigene Wissen zu vermehren, von aktuellen Entwicklungen zu erfahren, mit Gleichgesinnten zu diskutieren, aber auch selbst\u00a0Lieferanten und Dienstleister zu finden und kennenzulernen.<\/p>\n<h3><span class=\"ez-toc-section\" id=\"4_Die_Kunden_sind_nicht_abwesend_Die_gehen_vielleicht_nur_in_Deckung\"><\/span>4. Die Kunden sind nicht abwesend. Die gehen vielleicht nur in Deckung.<span class=\"ez-toc-section-end\"><\/span><\/h3>\n<p>Pers\u00f6nliche Profile in sozialen Netzwerken sind ohnehin keine Vertriebskan\u00e4le. Wer es hier mit plumper Akquise versucht, kann allerdings schnell den Eindruck gewinnen, dass \u00fcber Social Media keine Kunden zu gewinnen w\u00e4ren. Aber nicht, weil hier keine potentiellen Kund*innen aktiv w\u00e4ren. Sondern weil diese schnelle in Deckung gehen als Sie bei der n\u00e4chsten nervigen Nachfrage per Privatnachricht auf \u201eAbsenden&#8220; klicken k\u00f6nnen.<\/p>\n<h3><span class=\"ez-toc-section\" id=\"5_Social_Media_ist_viel_mehr_als_die_grossen_sozialen_Netzwerke\"><\/span>5. Social Media ist viel mehr als die gro\u00dfen sozialen Netzwerke<span class=\"ez-toc-section-end\"><\/span><\/h3>\n<p>Dass jemand nicht aktiv ein LinkedIn-Profil betreibt, nicht sichtbar auf Facebook postet und nicht t\u00e4glich f\u00fcnf Tweets absetzt, bedeutet keineswegs, dass der oder die Betreffende nicht doch mitliest, hier Informationen bezieht, das eigene Wissen vermehrt und sich auch \u00fcber Anbieter schlau macht.<\/p>\n<p>Gerade die stillen Mitleser*innen sind oft schwer zu finden \u2013 aber unter ihnen sind Menschen jeglicher Branche\u00a0und Entscheider- beziehungsweise K\u00e4uferebene. Untersch\u00e4tzen Sie nicht deren Potential.<\/p>\n<p>Hinzu kommt: Auch selbst organisierte Mikro-Netzwerke in Messengern sind kleine soziale Netzwerke, in denen Empfehlungen, die Weitergabe von interessanten Links sowie auch die direkte Kommunikation mit m\u00f6glichen Anbieter*innen eine immer gr\u00f6\u00dfere Rolle spielen.\u00a0Ich m\u00f6chte einmal behaupten, dass es wirklich nur noch sehr wenige Menschen gibt, die \u00fcberhaupt keine Messenger und keine digitalen Medien nutzen. Das gilt auch f\u00fcr diejenigen, die sich ansonsten selbst als wenig digitalaffin bezeichnen w\u00fcrden,\u00a0f\u00fcr Facebook nichts \u00fcbrig haben und noch nie selbst auf Instagram oder gar TikTok geschaut haben.<\/p>\n<h3><span class=\"ez-toc-section\" id=\"6_Noch_irgendjemand_ohne_Suchmaschine\"><\/span>6. Noch irgendjemand ohne Suchmaschine?<span class=\"ez-toc-section-end\"><\/span><\/h3>\n<p>Einmal abgesehen von Anzeigen aus sozialen Netzwerken auf anderen Seiten im Internet, etwa Nachrichten: Es gibt keine Trennung zwischen \u201edem Internet&#8220; und \u201eden sozialen Netzwerken&#8220;. Eine ganz normale Suche in Google oder einer anderen Suchmaschine wirft Ergebnisse aus den verschiedensten sozialen Netzwerken aus. Die Fundstellen sind oft auch ohne eigenen Account zug\u00e4nglich.<br \/>\nUnd schlie\u00dflich: Auch Bewertungen in oder aus Social Media sind selbst den wenig Digitalerfahrenen l\u00e4ngst ein Begriff. Wer aber daf\u00fcr sorgen will, dass das (hoffentlich!) positive Bild des eigenen Unternehmens sich auch in Bewertungen, etwa in Google-MyBusiness-Eintr\u00e4gen oder einschl\u00e4gigen Branchenportalen niederschl\u00e4gt, kommt um den nachhaltigen Aufbau eines digitalen Netzwerks gar nicht herum.<\/p>\n<h3><span class=\"ez-toc-section\" id=\"7_Krisenfestigkeit_braucht_Netzwerke\"><\/span>7. Krisenfestigkeit braucht Netzwerke<span class=\"ez-toc-section-end\"><\/span><\/h3>\n<p>\u00dcbrigens: Wer sich selbst in Social Media zur\u00fcckh\u00e4lt, wird wenig dar\u00fcber erfahren, wie \u00fcber die eigene Marke gesprochen wird. Bahnt sich eine Krise an oder setzt jemand falsche Behauptung in die Welt, erf\u00e4hrt der- oder diejenige im Zweifel zu sp\u00e4t davon. Ist dann nicht gut genug vernetzt um gegenzusteuern. Und wird vielleicht feststellen, dass sich die nicht so angenehmen Botschaften auf eigenartige Weise selbst in Kundenzielgruppen verbreiten, die angeblich noch nie ein soziales Netzwerk von innen gesehen haben.<\/p>\n<p>Insofern erfordert verantwortungsbewusstes, umfassendes unternehmerisches Handeln immer auch, dass soziale Netzwerke einbezogen werden. Wie das genau aussieht, was zu tun ist \u2013 und wie Sie letztlich Ihre Kunden erreichen, das ist dann immer eine Frage der individuellen Strategie.<\/p>\n<p><strong>\u00dcberzeugt? Noch Fragen? Widerspruch? Oder haben Sie sogar noch weitere Punkte und Argumente? Ich freue mich, wenn Sie sich zu Wort melden.<\/strong><\/p>\n","protected":false},"excerpt":{"rendered":"<p>\u201eMeine Kunden sind nicht in Social Media!&#8220; \u2013 Als ich vor wenigen Tagen diese Behauptung als Argument gegen eigene unternehmerische Aktivit\u00e4ten in sozialen Netzwerken las, habe ich ganz sch\u00f6n gestaunt. Wie ich \u00fcbrigens seit ungef\u00e4hr 2007 jedes Mal staune, wenn ich so etwas mal wieder wortgleich lese oder h\u00f6re. Doch je mehr die Zeit voranschreitet, [&hellip;]<\/p>\n","protected":false},"author":3,"featured_media":27868,"comment_status":"closed","ping_status":"closed","sticky":false,"template":"","format":"standard","meta":{"footnotes":""},"categories":[450],"tags":[1371,301,1437],"class_list":["post-27867","post","type-post","status-publish","format-standard","has-post-thumbnail","hentry","category-social-media","tag-community","tag-kundengewinnung","tag-social-media"],"yoast_head":"<!-- This site is optimized with the Yoast SEO plugin v26.9 - https:\/\/yoast.com\/product\/yoast-seo-wordpress\/ -->\n<title>Der hartn\u00e4ckigste Mythos der Social-Media-Geschichte\u00a0 - PR-Doktor<\/title>\n<meta name=\"robots\" content=\"index, follow, max-snippet:-1, max-image-preview:large, max-video-preview:-1\" \/>\n<link rel=\"canonical\" href=\"https:\/\/www.kerstin-hoffmann.de\/pr-doktor\/mythos-social-media-kundengewinnung\/\" \/>\n<meta property=\"og:locale\" content=\"de_DE\" \/>\n<meta property=\"og:type\" content=\"article\" \/>\n<meta property=\"og:title\" content=\"Der hartn\u00e4ckigste Mythos der Social-Media-Geschichte\u00a0 - PR-Doktor\" \/>\n<meta property=\"og:description\" content=\"\u201eMeine Kunden sind nicht in Social Media!&#8220; \u2013 Als ich vor wenigen Tagen diese Behauptung als Argument gegen eigene unternehmerische Aktivit\u00e4ten in sozialen Netzwerken las, habe ich ganz sch\u00f6n gestaunt. Wie ich \u00fcbrigens seit ungef\u00e4hr 2007 jedes Mal staune, wenn ich so etwas mal wieder wortgleich lese oder h\u00f6re. Doch je mehr die Zeit voranschreitet, [&hellip;]\" \/>\n<meta property=\"og:url\" content=\"https:\/\/www.kerstin-hoffmann.de\/pr-doktor\/mythos-social-media-kundengewinnung\/\" \/>\n<meta property=\"og:site_name\" content=\"PR-Doktor\" \/>\n<meta property=\"article:published_time\" content=\"2021-09-08T04:44:57+00:00\" \/>\n<meta property=\"article:modified_time\" content=\"2022-03-31T15:25:13+00:00\" \/>\n<meta property=\"og:image\" content=\"https:\/\/www.kerstin-hoffmann.de\/pr-doktor\/wp-content\/uploads\/2021\/09\/mythen-social-media.jpg\" \/>\n\t<meta property=\"og:image:width\" content=\"825\" \/>\n\t<meta property=\"og:image:height\" content=\"464\" \/>\n\t<meta property=\"og:image:type\" content=\"image\/jpeg\" \/>\n<meta name=\"author\" content=\"Dr. Kerstin Hoffmann\" \/>\n<meta name=\"twitter:card\" content=\"summary_large_image\" \/>\n<meta name=\"twitter:label1\" content=\"Verfasst von\" \/>\n\t<meta name=\"twitter:data1\" content=\"Dr. Kerstin Hoffmann\" \/>\n\t<meta name=\"twitter:label2\" content=\"Gesch\u00e4tzte Lesezeit\" \/>\n\t<meta name=\"twitter:data2\" content=\"5\u00a0Minuten\" \/>\n<script type=\"application\/ld+json\" class=\"yoast-schema-graph\">{\"@context\":\"https:\/\/schema.org\",\"@graph\":[{\"@type\":\"Article\",\"@id\":\"https:\/\/www.kerstin-hoffmann.de\/pr-doktor\/mythos-social-media-kundengewinnung\/#article\",\"isPartOf\":{\"@id\":\"https:\/\/www.kerstin-hoffmann.de\/pr-doktor\/mythos-social-media-kundengewinnung\/\"},\"author\":{\"name\":\"Dr. Kerstin Hoffmann\",\"@id\":\"https:\/\/www.kerstin-hoffmann.de\/pr-doktor\/#\/schema\/person\/3fd19b0d213c802a9e0f4ab213f8e1be\"},\"headline\":\"Der hartn\u00e4ckigste Mythos der Social-Media-Geschichte\u00a0\",\"datePublished\":\"2021-09-08T04:44:57+00:00\",\"dateModified\":\"2022-03-31T15:25:13+00:00\",\"mainEntityOfPage\":{\"@id\":\"https:\/\/www.kerstin-hoffmann.de\/pr-doktor\/mythos-social-media-kundengewinnung\/\"},\"wordCount\":981,\"image\":{\"@id\":\"https:\/\/www.kerstin-hoffmann.de\/pr-doktor\/mythos-social-media-kundengewinnung\/#primaryimage\"},\"thumbnailUrl\":\"https:\/\/www.kerstin-hoffmann.de\/pr-doktor\/wp-content\/uploads\/2021\/09\/mythen-social-media.jpg\",\"keywords\":[\"Community\",\"Kundengewinnung\",\"Social Media\"],\"articleSection\":[\"Social Media\"],\"inLanguage\":\"de\"},{\"@type\":\"WebPage\",\"@id\":\"https:\/\/www.kerstin-hoffmann.de\/pr-doktor\/mythos-social-media-kundengewinnung\/\",\"url\":\"https:\/\/www.kerstin-hoffmann.de\/pr-doktor\/mythos-social-media-kundengewinnung\/\",\"name\":\"Der hartn\u00e4ckigste Mythos der Social-Media-Geschichte\u00a0 - PR-Doktor\",\"isPartOf\":{\"@id\":\"https:\/\/www.kerstin-hoffmann.de\/pr-doktor\/#website\"},\"primaryImageOfPage\":{\"@id\":\"https:\/\/www.kerstin-hoffmann.de\/pr-doktor\/mythos-social-media-kundengewinnung\/#primaryimage\"},\"image\":{\"@id\":\"https:\/\/www.kerstin-hoffmann.de\/pr-doktor\/mythos-social-media-kundengewinnung\/#primaryimage\"},\"thumbnailUrl\":\"https:\/\/www.kerstin-hoffmann.de\/pr-doktor\/wp-content\/uploads\/2021\/09\/mythen-social-media.jpg\",\"datePublished\":\"2021-09-08T04:44:57+00:00\",\"dateModified\":\"2022-03-31T15:25:13+00:00\",\"author\":{\"@id\":\"https:\/\/www.kerstin-hoffmann.de\/pr-doktor\/#\/schema\/person\/3fd19b0d213c802a9e0f4ab213f8e1be\"},\"breadcrumb\":{\"@id\":\"https:\/\/www.kerstin-hoffmann.de\/pr-doktor\/mythos-social-media-kundengewinnung\/#breadcrumb\"},\"inLanguage\":\"de\",\"potentialAction\":[{\"@type\":\"ReadAction\",\"target\":[\"https:\/\/www.kerstin-hoffmann.de\/pr-doktor\/mythos-social-media-kundengewinnung\/\"]}]},{\"@type\":\"ImageObject\",\"inLanguage\":\"de\",\"@id\":\"https:\/\/www.kerstin-hoffmann.de\/pr-doktor\/mythos-social-media-kundengewinnung\/#primaryimage\",\"url\":\"https:\/\/www.kerstin-hoffmann.de\/pr-doktor\/wp-content\/uploads\/2021\/09\/mythen-social-media.jpg\",\"contentUrl\":\"https:\/\/www.kerstin-hoffmann.de\/pr-doktor\/wp-content\/uploads\/2021\/09\/mythen-social-media.jpg\",\"width\":825,\"height\":464,\"caption\":\"Der hartn\u00e4ckigste Mythos der Social-Media-Geschichte\"},{\"@type\":\"BreadcrumbList\",\"@id\":\"https:\/\/www.kerstin-hoffmann.de\/pr-doktor\/mythos-social-media-kundengewinnung\/#breadcrumb\",\"itemListElement\":[{\"@type\":\"ListItem\",\"position\":1,\"name\":\"Start\",\"item\":\"https:\/\/www.kerstin-hoffmann.de\/pr-doktor\/\"},{\"@type\":\"ListItem\",\"position\":2,\"name\":\"Der hartn\u00e4ckigste Mythos der Social-Media-Geschichte\u00a0\"}]},{\"@type\":\"WebSite\",\"@id\":\"https:\/\/www.kerstin-hoffmann.de\/pr-doktor\/#website\",\"url\":\"https:\/\/www.kerstin-hoffmann.de\/pr-doktor\/\",\"name\":\"PR-Doktor\",\"description\":\"Magazin f\u00fcr Kommunikation und Marketing\",\"potentialAction\":[{\"@type\":\"SearchAction\",\"target\":{\"@type\":\"EntryPoint\",\"urlTemplate\":\"https:\/\/www.kerstin-hoffmann.de\/pr-doktor\/?s={search_term_string}\"},\"query-input\":{\"@type\":\"PropertyValueSpecification\",\"valueRequired\":true,\"valueName\":\"search_term_string\"}}],\"inLanguage\":\"de\"},{\"@type\":\"Person\",\"@id\":\"https:\/\/www.kerstin-hoffmann.de\/pr-doktor\/#\/schema\/person\/3fd19b0d213c802a9e0f4ab213f8e1be\",\"name\":\"Dr. Kerstin Hoffmann\",\"description\":\"Sch\u00f6n, dass Sie hier mitlesen. Ich bin Kerstin Hoffmann. Seit vielen Jahren berate und begleite ich Unternehmen in ihrer Kommunikationsstrategie und im Content-Marketing. Besonders spezialisiert bin ich zudem auf Corporate-Influencer-Strategien. Ich halte Vortr\u00e4ge und schreibe B\u00fccher. Lange habe ich an der Heinrich-Heine-Universit\u00e4t D\u00fcsseldorf gelehrt, bis heute gebe ich Gastvorlesungen an verschiedenen Hochschulen.\",\"sameAs\":[\"https:\/\/www.kerstin-hoffmann.de\"],\"url\":\"https:\/\/www.kerstin-hoffmann.de\/pr-doktor\/author\/kerstinhoffmann\/\"}]}<\/script>\n<!-- \/ Yoast SEO plugin. -->","yoast_head_json":{"title":"Der hartn\u00e4ckigste Mythos der Social-Media-Geschichte\u00a0 - PR-Doktor","robots":{"index":"index","follow":"follow","max-snippet":"max-snippet:-1","max-image-preview":"max-image-preview:large","max-video-preview":"max-video-preview:-1"},"canonical":"https:\/\/www.kerstin-hoffmann.de\/pr-doktor\/mythos-social-media-kundengewinnung\/","og_locale":"de_DE","og_type":"article","og_title":"Der hartn\u00e4ckigste Mythos der Social-Media-Geschichte\u00a0 - PR-Doktor","og_description":"\u201eMeine Kunden sind nicht in Social Media!&#8220; \u2013 Als ich vor wenigen Tagen diese Behauptung als Argument gegen eigene unternehmerische Aktivit\u00e4ten in sozialen Netzwerken las, habe ich ganz sch\u00f6n gestaunt. Wie ich \u00fcbrigens seit ungef\u00e4hr 2007 jedes Mal staune, wenn ich so etwas mal wieder wortgleich lese oder h\u00f6re. Doch je mehr die Zeit voranschreitet, [&hellip;]","og_url":"https:\/\/www.kerstin-hoffmann.de\/pr-doktor\/mythos-social-media-kundengewinnung\/","og_site_name":"PR-Doktor","article_published_time":"2021-09-08T04:44:57+00:00","article_modified_time":"2022-03-31T15:25:13+00:00","og_image":[{"width":825,"height":464,"url":"https:\/\/www.kerstin-hoffmann.de\/pr-doktor\/wp-content\/uploads\/2021\/09\/mythen-social-media.jpg","type":"image\/jpeg"}],"author":"Dr. Kerstin Hoffmann","twitter_card":"summary_large_image","twitter_misc":{"Verfasst von":"Dr. Kerstin Hoffmann","Gesch\u00e4tzte Lesezeit":"5\u00a0Minuten"},"schema":{"@context":"https:\/\/schema.org","@graph":[{"@type":"Article","@id":"https:\/\/www.kerstin-hoffmann.de\/pr-doktor\/mythos-social-media-kundengewinnung\/#article","isPartOf":{"@id":"https:\/\/www.kerstin-hoffmann.de\/pr-doktor\/mythos-social-media-kundengewinnung\/"},"author":{"name":"Dr. Kerstin Hoffmann","@id":"https:\/\/www.kerstin-hoffmann.de\/pr-doktor\/#\/schema\/person\/3fd19b0d213c802a9e0f4ab213f8e1be"},"headline":"Der hartn\u00e4ckigste Mythos der Social-Media-Geschichte\u00a0","datePublished":"2021-09-08T04:44:57+00:00","dateModified":"2022-03-31T15:25:13+00:00","mainEntityOfPage":{"@id":"https:\/\/www.kerstin-hoffmann.de\/pr-doktor\/mythos-social-media-kundengewinnung\/"},"wordCount":981,"image":{"@id":"https:\/\/www.kerstin-hoffmann.de\/pr-doktor\/mythos-social-media-kundengewinnung\/#primaryimage"},"thumbnailUrl":"https:\/\/www.kerstin-hoffmann.de\/pr-doktor\/wp-content\/uploads\/2021\/09\/mythen-social-media.jpg","keywords":["Community","Kundengewinnung","Social Media"],"articleSection":["Social Media"],"inLanguage":"de"},{"@type":"WebPage","@id":"https:\/\/www.kerstin-hoffmann.de\/pr-doktor\/mythos-social-media-kundengewinnung\/","url":"https:\/\/www.kerstin-hoffmann.de\/pr-doktor\/mythos-social-media-kundengewinnung\/","name":"Der hartn\u00e4ckigste Mythos der Social-Media-Geschichte\u00a0 - PR-Doktor","isPartOf":{"@id":"https:\/\/www.kerstin-hoffmann.de\/pr-doktor\/#website"},"primaryImageOfPage":{"@id":"https:\/\/www.kerstin-hoffmann.de\/pr-doktor\/mythos-social-media-kundengewinnung\/#primaryimage"},"image":{"@id":"https:\/\/www.kerstin-hoffmann.de\/pr-doktor\/mythos-social-media-kundengewinnung\/#primaryimage"},"thumbnailUrl":"https:\/\/www.kerstin-hoffmann.de\/pr-doktor\/wp-content\/uploads\/2021\/09\/mythen-social-media.jpg","datePublished":"2021-09-08T04:44:57+00:00","dateModified":"2022-03-31T15:25:13+00:00","author":{"@id":"https:\/\/www.kerstin-hoffmann.de\/pr-doktor\/#\/schema\/person\/3fd19b0d213c802a9e0f4ab213f8e1be"},"breadcrumb":{"@id":"https:\/\/www.kerstin-hoffmann.de\/pr-doktor\/mythos-social-media-kundengewinnung\/#breadcrumb"},"inLanguage":"de","potentialAction":[{"@type":"ReadAction","target":["https:\/\/www.kerstin-hoffmann.de\/pr-doktor\/mythos-social-media-kundengewinnung\/"]}]},{"@type":"ImageObject","inLanguage":"de","@id":"https:\/\/www.kerstin-hoffmann.de\/pr-doktor\/mythos-social-media-kundengewinnung\/#primaryimage","url":"https:\/\/www.kerstin-hoffmann.de\/pr-doktor\/wp-content\/uploads\/2021\/09\/mythen-social-media.jpg","contentUrl":"https:\/\/www.kerstin-hoffmann.de\/pr-doktor\/wp-content\/uploads\/2021\/09\/mythen-social-media.jpg","width":825,"height":464,"caption":"Der hartn\u00e4ckigste Mythos der Social-Media-Geschichte"},{"@type":"BreadcrumbList","@id":"https:\/\/www.kerstin-hoffmann.de\/pr-doktor\/mythos-social-media-kundengewinnung\/#breadcrumb","itemListElement":[{"@type":"ListItem","position":1,"name":"Start","item":"https:\/\/www.kerstin-hoffmann.de\/pr-doktor\/"},{"@type":"ListItem","position":2,"name":"Der hartn\u00e4ckigste Mythos der Social-Media-Geschichte\u00a0"}]},{"@type":"WebSite","@id":"https:\/\/www.kerstin-hoffmann.de\/pr-doktor\/#website","url":"https:\/\/www.kerstin-hoffmann.de\/pr-doktor\/","name":"PR-Doktor","description":"Magazin f\u00fcr Kommunikation und Marketing","potentialAction":[{"@type":"SearchAction","target":{"@type":"EntryPoint","urlTemplate":"https:\/\/www.kerstin-hoffmann.de\/pr-doktor\/?s={search_term_string}"},"query-input":{"@type":"PropertyValueSpecification","valueRequired":true,"valueName":"search_term_string"}}],"inLanguage":"de"},{"@type":"Person","@id":"https:\/\/www.kerstin-hoffmann.de\/pr-doktor\/#\/schema\/person\/3fd19b0d213c802a9e0f4ab213f8e1be","name":"Dr. Kerstin Hoffmann","description":"Sch\u00f6n, dass Sie hier mitlesen. Ich bin Kerstin Hoffmann. Seit vielen Jahren berate und begleite ich Unternehmen in ihrer Kommunikationsstrategie und im Content-Marketing. Besonders spezialisiert bin ich zudem auf Corporate-Influencer-Strategien. Ich halte Vortr\u00e4ge und schreibe B\u00fccher. Lange habe ich an der Heinrich-Heine-Universit\u00e4t D\u00fcsseldorf gelehrt, bis heute gebe ich Gastvorlesungen an verschiedenen Hochschulen.","sameAs":["https:\/\/www.kerstin-hoffmann.de"],"url":"https:\/\/www.kerstin-hoffmann.de\/pr-doktor\/author\/kerstinhoffmann\/"}]}},"_links":{"self":[{"href":"https:\/\/www.kerstin-hoffmann.de\/pr-doktor\/wp-json\/wp\/v2\/posts\/27867","targetHints":{"allow":["GET"]}}],"collection":[{"href":"https:\/\/www.kerstin-hoffmann.de\/pr-doktor\/wp-json\/wp\/v2\/posts"}],"about":[{"href":"https:\/\/www.kerstin-hoffmann.de\/pr-doktor\/wp-json\/wp\/v2\/types\/post"}],"author":[{"embeddable":true,"href":"https:\/\/www.kerstin-hoffmann.de\/pr-doktor\/wp-json\/wp\/v2\/users\/3"}],"replies":[{"embeddable":true,"href":"https:\/\/www.kerstin-hoffmann.de\/pr-doktor\/wp-json\/wp\/v2\/comments?post=27867"}],"version-history":[{"count":0,"href":"https:\/\/www.kerstin-hoffmann.de\/pr-doktor\/wp-json\/wp\/v2\/posts\/27867\/revisions"}],"wp:featuredmedia":[{"embeddable":true,"href":"https:\/\/www.kerstin-hoffmann.de\/pr-doktor\/wp-json\/wp\/v2\/media\/27868"}],"wp:attachment":[{"href":"https:\/\/www.kerstin-hoffmann.de\/pr-doktor\/wp-json\/wp\/v2\/media?parent=27867"}],"wp:term":[{"taxonomy":"category","embeddable":true,"href":"https:\/\/www.kerstin-hoffmann.de\/pr-doktor\/wp-json\/wp\/v2\/categories?post=27867"},{"taxonomy":"post_tag","embeddable":true,"href":"https:\/\/www.kerstin-hoffmann.de\/pr-doktor\/wp-json\/wp\/v2\/tags?post=27867"}],"curies":[{"name":"wp","href":"https:\/\/api.w.org\/{rel}","templated":true}]}}