{"id":26304,"date":"2021-01-29T07:00:30","date_gmt":"2021-01-29T06:00:30","guid":{"rendered":"https:\/\/www.kerstin-hoffmann.de\/pr-doktor\/?p=26304"},"modified":"2022-03-31T17:25:14","modified_gmt":"2022-03-31T15:25:14","slug":"lage-3-2021","status":"publish","type":"post","link":"https:\/\/www.kerstin-hoffmann.de\/pr-doktor\/lage-3-2021\/","title":{"rendered":"Warum ich &#8222;Digital Detox&#8220; f\u00fcr bedenklich und sogar f\u00fcr gef\u00e4hrlich halte"},"content":{"rendered":"<div id=\"attachment_28374\" style=\"width: 835px\" class=\"wp-caption alignnone\"><a href=\"https:\/\/youtu.be\/HPR8px8hy2c\"><img loading=\"lazy\" decoding=\"async\" aria-describedby=\"caption-attachment-28374\" class=\"size-full wp-image-28374\" src=\"https:\/\/www.kerstin-hoffmann.de\/pr-doktor\/wp-content\/uploads\/2022\/03\/Video-Digital-Detox.jpg\" alt=\"\" width=\"825\" height=\"471\" srcset=\"https:\/\/www.kerstin-hoffmann.de\/pr-doktor\/wp-content\/uploads\/2022\/03\/Video-Digital-Detox.jpg 825w, https:\/\/www.kerstin-hoffmann.de\/pr-doktor\/wp-content\/uploads\/2022\/03\/Video-Digital-Detox-300x171.jpg 300w, https:\/\/www.kerstin-hoffmann.de\/pr-doktor\/wp-content\/uploads\/2022\/03\/Video-Digital-Detox-768x438.jpg 768w, https:\/\/www.kerstin-hoffmann.de\/pr-doktor\/wp-content\/uploads\/2022\/03\/Video-Digital-Detox-705x402.jpg 705w\" sizes=\"auto, (max-width: 825px) 100vw, 825px\" \/><\/a><p id=\"caption-attachment-28374\" class=\"wp-caption-text\"><a href=\"https:\/\/youtu.be\/HPR8px8hy2c\">Video auf YouTube ansehen.<\/a><\/p><\/div>\n<hr class=\"stag-divider stag-divider--plain\" \/>\n<h3>&#8222;Zur Lage der Kommunikation&#8220; als Podcast h\u00f6ren<\/h3>\n<ul>\n<li><a href=\"https:\/\/open.spotify.com\/show\/4RT7t24UjdFXJmKZCSvUb7\" target=\"_blank\" rel=\"noopener\">Spotify<\/a><\/li>\n<li><a href=\"https:\/\/podcasts.apple.com\/de\/podcast\/zur-lage-der-kommunikation\/id1519773326\" target=\"_blank\" rel=\"noopener\">Apple Podcasts<\/a><\/li>\n<li><a href=\"https:\/\/anchor.fm\/kerstin-hoffmann\" target=\"_blank\" rel=\"noopener\">Anchor.fm<\/a><\/li>\n<li><a href=\"https:\/\/www.google.com\/podcasts?feed=aHR0cHM6Ly9hbmNob3IuZm0vcy8yN2I3MzRiMC9wb2RjYXN0L3Jzcw==\" target=\"_blank\" rel=\"noopener\">Google Podcasts<\/a><\/li>\n<\/ul>\n<hr class=\"stag-divider stag-divider--plain\" \/>\n<p>Viele Menschen sind meiner Wahrnehmung nach inzwischen am Anschlag oder sogar dar\u00fcber hinaus, was die st\u00e4ndige Pr\u00e4senz und die st\u00e4ndige Erreichbarkeit in digitalen Medien angeht. Das war tats\u00e4chlich schon vor Corona so, hat jetzt aber nochmal ganz neue Dimensionen angenommen, weil sehr viele Menschen ja wirklich ausschlie\u00dflich \u00fcber digitale Medien zusammenarbeiten.<\/p>\n<p>Dadurch sind Tools hinzugekommen, in die man sich einarbeiten muss. Es finden sehr viele Meetings im Digitalen statt, so dass man einfach wirklich nur am Computer sitzt.<\/p>\n<p>Das ist nicht banal.<\/p>\n<p>Warum ich aber das Konzept des sogenannten &#8222;Digital Detox&#8220; trotzdem f\u00fcr bedenklich oder sogar gef\u00e4hrlich halte und was ich stattdessen empfehle, darum geht es in dieser Woche in &#8222;Zur Lage der Kommunikation&#8220;.<\/p>\n<h3>Links aus dieser Folge<\/h3>\n<p><a href=\"https:\/\/upload-magazin.de\/40276-wie-schuetze-ich-mich-vor-dem-digitalen-burnout\/\" target=\"_blank\" rel=\"noopener\">Wie sch\u00fctze ich mich vor dem digitalen Burnout?<\/a> \u2013 Beitrag im UPLOAD-Magazin<\/p>\n<p><a title=\"Permanenter Link zu: Wege aus dem digitalen \u00dcberdruss im Unternehmen\" href=\"https:\/\/www.kerstin-hoffmann.de\/pr-doktor\/wege-aus-dem-digitalen-ueberdruss-unternehmen\/\" rel=\"bookmark\">Wege aus dem digitalen \u00dcberdruss im Unternehmen<\/a> \u2013 Beitrag im PR-Doktor<\/p>\n<p><a href=\"https:\/\/www.linkedin.com\/posts\/kerstinhoffmann_in-dieser-woche-habe-ich-zuweilen-drei-vier-activity-6754733031833034752-zYyE\" target=\"_blank\" rel=\"noopener\">LinkedIn: Frage nach Wegen aus dem digitalen Burnout mit zahlreichen Kommentaren<\/a><\/p>\n<p><a href=\"https:\/\/www.facebook.com\/kerstin.hoffmann\/posts\/10223529778728139\" target=\"_blank\" rel=\"noopener\">Facebook: Frage nach Wegen aus dem digitalen Burnout mit zahlreichen Kommentaren<\/a><\/p>\n","protected":false},"excerpt":{"rendered":"<p>Warum ich das Konzept des sogenannten &#8222;Digital Detox&#8220; f\u00fcr bedenklich oder sogar gef\u00e4hrlich halte und was ich stattdessen empfehle.<\/p>\n","protected":false},"author":3,"featured_media":26305,"comment_status":"closed","ping_status":"closed","sticky":false,"template":"","format":"standard","meta":{"footnotes":""},"categories":[7254],"tags":[8083,834],"class_list":["post-26304","post","type-post","status-publish","format-standard","has-post-thumbnail","hentry","category-lage-kommunikation","tag-digital","tag-strategie"],"yoast_head":"<!-- This site is optimized with the Yoast SEO plugin v26.9 - https:\/\/yoast.com\/product\/yoast-seo-wordpress\/ -->\n<title>Warum ich &quot;Digital Detox&quot; f\u00fcr bedenklich und sogar f\u00fcr gef\u00e4hrlich halte | Zur Lage der Kommunikation<\/title>\n<meta name=\"description\" content=\"Warum ich das Konzept des sogenannten &quot;Digital Detox&quot; f\u00fcr bedenklich oder sogar gef\u00e4hrlich halte und was ich stattdessen empfehle.\" \/>\n<meta name=\"robots\" content=\"index, follow, max-snippet:-1, max-image-preview:large, max-video-preview:-1\" \/>\n<link rel=\"canonical\" href=\"https:\/\/www.kerstin-hoffmann.de\/pr-doktor\/lage-3-2021\/\" \/>\n<meta property=\"og:locale\" content=\"de_DE\" \/>\n<meta property=\"og:type\" content=\"article\" \/>\n<meta property=\"og:title\" content=\"Warum ich &quot;Digital Detox&quot; f\u00fcr bedenklich und sogar f\u00fcr gef\u00e4hrlich halte | Zur Lage der Kommunikation\" \/>\n<meta property=\"og:description\" content=\"Warum ich das Konzept des sogenannten &quot;Digital Detox&quot; f\u00fcr bedenklich oder sogar gef\u00e4hrlich halte und was ich stattdessen empfehle.\" \/>\n<meta property=\"og:url\" content=\"https:\/\/www.kerstin-hoffmann.de\/pr-doktor\/lage-3-2021\/\" \/>\n<meta property=\"og:site_name\" content=\"PR-Doktor\" \/>\n<meta property=\"article:published_time\" content=\"2021-01-29T06:00:30+00:00\" \/>\n<meta property=\"article:modified_time\" content=\"2022-03-31T15:25:14+00:00\" \/>\n<meta property=\"og:image\" content=\"https:\/\/www.kerstin-hoffmann.de\/pr-doktor\/wp-content\/uploads\/2021\/01\/Titel_lage_kommunikation3-21_artikelbild.jpg\" \/>\n\t<meta property=\"og:image:width\" content=\"825\" \/>\n\t<meta property=\"og:image:height\" content=\"464\" \/>\n\t<meta property=\"og:image:type\" content=\"image\/jpeg\" \/>\n<meta name=\"author\" content=\"Dr. Kerstin Hoffmann\" \/>\n<meta name=\"twitter:card\" content=\"summary_large_image\" \/>\n<meta name=\"twitter:label1\" content=\"Verfasst von\" \/>\n\t<meta name=\"twitter:data1\" content=\"Dr. Kerstin Hoffmann\" \/>\n\t<meta name=\"twitter:label2\" content=\"Gesch\u00e4tzte Lesezeit\" \/>\n\t<meta name=\"twitter:data2\" content=\"2\u00a0Minuten\" \/>\n<script type=\"application\/ld+json\" class=\"yoast-schema-graph\">{\"@context\":\"https:\/\/schema.org\",\"@graph\":[{\"@type\":\"Article\",\"@id\":\"https:\/\/www.kerstin-hoffmann.de\/pr-doktor\/lage-3-2021\/#article\",\"isPartOf\":{\"@id\":\"https:\/\/www.kerstin-hoffmann.de\/pr-doktor\/lage-3-2021\/\"},\"author\":{\"name\":\"Dr. Kerstin Hoffmann\",\"@id\":\"https:\/\/www.kerstin-hoffmann.de\/pr-doktor\/#\/schema\/person\/3fd19b0d213c802a9e0f4ab213f8e1be\"},\"headline\":\"Warum ich &#8222;Digital Detox&#8220; f\u00fcr bedenklich und sogar f\u00fcr gef\u00e4hrlich halte\",\"datePublished\":\"2021-01-29T06:00:30+00:00\",\"dateModified\":\"2022-03-31T15:25:14+00:00\",\"mainEntityOfPage\":{\"@id\":\"https:\/\/www.kerstin-hoffmann.de\/pr-doktor\/lage-3-2021\/\"},\"wordCount\":210,\"image\":{\"@id\":\"https:\/\/www.kerstin-hoffmann.de\/pr-doktor\/lage-3-2021\/#primaryimage\"},\"thumbnailUrl\":\"https:\/\/www.kerstin-hoffmann.de\/pr-doktor\/wp-content\/uploads\/2021\/01\/Titel_lage_kommunikation3-21_artikelbild.jpg\",\"keywords\":[\"digital\",\"Strategie\"],\"articleSection\":[\"Zur Lage der Kommunikation\"],\"inLanguage\":\"de\"},{\"@type\":\"WebPage\",\"@id\":\"https:\/\/www.kerstin-hoffmann.de\/pr-doktor\/lage-3-2021\/\",\"url\":\"https:\/\/www.kerstin-hoffmann.de\/pr-doktor\/lage-3-2021\/\",\"name\":\"Warum ich \\\"Digital Detox\\\" f\u00fcr bedenklich und sogar f\u00fcr gef\u00e4hrlich halte | Zur Lage der Kommunikation\",\"isPartOf\":{\"@id\":\"https:\/\/www.kerstin-hoffmann.de\/pr-doktor\/#website\"},\"primaryImageOfPage\":{\"@id\":\"https:\/\/www.kerstin-hoffmann.de\/pr-doktor\/lage-3-2021\/#primaryimage\"},\"image\":{\"@id\":\"https:\/\/www.kerstin-hoffmann.de\/pr-doktor\/lage-3-2021\/#primaryimage\"},\"thumbnailUrl\":\"https:\/\/www.kerstin-hoffmann.de\/pr-doktor\/wp-content\/uploads\/2021\/01\/Titel_lage_kommunikation3-21_artikelbild.jpg\",\"datePublished\":\"2021-01-29T06:00:30+00:00\",\"dateModified\":\"2022-03-31T15:25:14+00:00\",\"author\":{\"@id\":\"https:\/\/www.kerstin-hoffmann.de\/pr-doktor\/#\/schema\/person\/3fd19b0d213c802a9e0f4ab213f8e1be\"},\"description\":\"Warum ich das Konzept des sogenannten \\\"Digital Detox\\\" f\u00fcr bedenklich oder sogar gef\u00e4hrlich halte und was ich stattdessen empfehle.\",\"breadcrumb\":{\"@id\":\"https:\/\/www.kerstin-hoffmann.de\/pr-doktor\/lage-3-2021\/#breadcrumb\"},\"inLanguage\":\"de\",\"potentialAction\":[{\"@type\":\"ReadAction\",\"target\":[\"https:\/\/www.kerstin-hoffmann.de\/pr-doktor\/lage-3-2021\/\"]}]},{\"@type\":\"ImageObject\",\"inLanguage\":\"de\",\"@id\":\"https:\/\/www.kerstin-hoffmann.de\/pr-doktor\/lage-3-2021\/#primaryimage\",\"url\":\"https:\/\/www.kerstin-hoffmann.de\/pr-doktor\/wp-content\/uploads\/2021\/01\/Titel_lage_kommunikation3-21_artikelbild.jpg\",\"contentUrl\":\"https:\/\/www.kerstin-hoffmann.de\/pr-doktor\/wp-content\/uploads\/2021\/01\/Titel_lage_kommunikation3-21_artikelbild.jpg\",\"width\":825,\"height\":464},{\"@type\":\"BreadcrumbList\",\"@id\":\"https:\/\/www.kerstin-hoffmann.de\/pr-doktor\/lage-3-2021\/#breadcrumb\",\"itemListElement\":[{\"@type\":\"ListItem\",\"position\":1,\"name\":\"Start\",\"item\":\"https:\/\/www.kerstin-hoffmann.de\/pr-doktor\/\"},{\"@type\":\"ListItem\",\"position\":2,\"name\":\"Warum ich &#8222;Digital Detox&#8220; f\u00fcr bedenklich und sogar f\u00fcr gef\u00e4hrlich halte\"}]},{\"@type\":\"WebSite\",\"@id\":\"https:\/\/www.kerstin-hoffmann.de\/pr-doktor\/#website\",\"url\":\"https:\/\/www.kerstin-hoffmann.de\/pr-doktor\/\",\"name\":\"PR-Doktor\",\"description\":\"Magazin f\u00fcr Kommunikation und Marketing\",\"potentialAction\":[{\"@type\":\"SearchAction\",\"target\":{\"@type\":\"EntryPoint\",\"urlTemplate\":\"https:\/\/www.kerstin-hoffmann.de\/pr-doktor\/?s={search_term_string}\"},\"query-input\":{\"@type\":\"PropertyValueSpecification\",\"valueRequired\":true,\"valueName\":\"search_term_string\"}}],\"inLanguage\":\"de\"},{\"@type\":\"Person\",\"@id\":\"https:\/\/www.kerstin-hoffmann.de\/pr-doktor\/#\/schema\/person\/3fd19b0d213c802a9e0f4ab213f8e1be\",\"name\":\"Dr. Kerstin Hoffmann\",\"description\":\"Sch\u00f6n, dass Sie hier mitlesen. Ich bin Kerstin Hoffmann. Seit vielen Jahren berate und begleite ich Unternehmen in ihrer Kommunikationsstrategie und im Content-Marketing. Besonders spezialisiert bin ich zudem auf Corporate-Influencer-Strategien. Ich halte Vortr\u00e4ge und schreibe B\u00fccher. Lange habe ich an der Heinrich-Heine-Universit\u00e4t D\u00fcsseldorf gelehrt, bis heute gebe ich Gastvorlesungen an verschiedenen Hochschulen.\",\"sameAs\":[\"https:\/\/www.kerstin-hoffmann.de\"],\"url\":\"https:\/\/www.kerstin-hoffmann.de\/pr-doktor\/author\/kerstinhoffmann\/\"}]}<\/script>\n<!-- \/ Yoast SEO plugin. -->","yoast_head_json":{"title":"Warum ich \"Digital Detox\" f\u00fcr bedenklich und sogar f\u00fcr gef\u00e4hrlich halte | Zur Lage der Kommunikation","description":"Warum ich das Konzept des sogenannten \"Digital Detox\" f\u00fcr bedenklich oder sogar gef\u00e4hrlich halte und was ich stattdessen empfehle.","robots":{"index":"index","follow":"follow","max-snippet":"max-snippet:-1","max-image-preview":"max-image-preview:large","max-video-preview":"max-video-preview:-1"},"canonical":"https:\/\/www.kerstin-hoffmann.de\/pr-doktor\/lage-3-2021\/","og_locale":"de_DE","og_type":"article","og_title":"Warum ich \"Digital Detox\" f\u00fcr bedenklich und sogar f\u00fcr gef\u00e4hrlich halte | Zur Lage der Kommunikation","og_description":"Warum ich das Konzept des sogenannten \"Digital Detox\" f\u00fcr bedenklich oder sogar gef\u00e4hrlich halte und was ich stattdessen empfehle.","og_url":"https:\/\/www.kerstin-hoffmann.de\/pr-doktor\/lage-3-2021\/","og_site_name":"PR-Doktor","article_published_time":"2021-01-29T06:00:30+00:00","article_modified_time":"2022-03-31T15:25:14+00:00","og_image":[{"width":825,"height":464,"url":"https:\/\/www.kerstin-hoffmann.de\/pr-doktor\/wp-content\/uploads\/2021\/01\/Titel_lage_kommunikation3-21_artikelbild.jpg","type":"image\/jpeg"}],"author":"Dr. Kerstin Hoffmann","twitter_card":"summary_large_image","twitter_misc":{"Verfasst von":"Dr. Kerstin Hoffmann","Gesch\u00e4tzte Lesezeit":"2\u00a0Minuten"},"schema":{"@context":"https:\/\/schema.org","@graph":[{"@type":"Article","@id":"https:\/\/www.kerstin-hoffmann.de\/pr-doktor\/lage-3-2021\/#article","isPartOf":{"@id":"https:\/\/www.kerstin-hoffmann.de\/pr-doktor\/lage-3-2021\/"},"author":{"name":"Dr. Kerstin Hoffmann","@id":"https:\/\/www.kerstin-hoffmann.de\/pr-doktor\/#\/schema\/person\/3fd19b0d213c802a9e0f4ab213f8e1be"},"headline":"Warum ich &#8222;Digital Detox&#8220; f\u00fcr bedenklich und sogar f\u00fcr gef\u00e4hrlich halte","datePublished":"2021-01-29T06:00:30+00:00","dateModified":"2022-03-31T15:25:14+00:00","mainEntityOfPage":{"@id":"https:\/\/www.kerstin-hoffmann.de\/pr-doktor\/lage-3-2021\/"},"wordCount":210,"image":{"@id":"https:\/\/www.kerstin-hoffmann.de\/pr-doktor\/lage-3-2021\/#primaryimage"},"thumbnailUrl":"https:\/\/www.kerstin-hoffmann.de\/pr-doktor\/wp-content\/uploads\/2021\/01\/Titel_lage_kommunikation3-21_artikelbild.jpg","keywords":["digital","Strategie"],"articleSection":["Zur Lage der Kommunikation"],"inLanguage":"de"},{"@type":"WebPage","@id":"https:\/\/www.kerstin-hoffmann.de\/pr-doktor\/lage-3-2021\/","url":"https:\/\/www.kerstin-hoffmann.de\/pr-doktor\/lage-3-2021\/","name":"Warum ich \"Digital Detox\" f\u00fcr bedenklich und sogar f\u00fcr gef\u00e4hrlich halte | Zur Lage der Kommunikation","isPartOf":{"@id":"https:\/\/www.kerstin-hoffmann.de\/pr-doktor\/#website"},"primaryImageOfPage":{"@id":"https:\/\/www.kerstin-hoffmann.de\/pr-doktor\/lage-3-2021\/#primaryimage"},"image":{"@id":"https:\/\/www.kerstin-hoffmann.de\/pr-doktor\/lage-3-2021\/#primaryimage"},"thumbnailUrl":"https:\/\/www.kerstin-hoffmann.de\/pr-doktor\/wp-content\/uploads\/2021\/01\/Titel_lage_kommunikation3-21_artikelbild.jpg","datePublished":"2021-01-29T06:00:30+00:00","dateModified":"2022-03-31T15:25:14+00:00","author":{"@id":"https:\/\/www.kerstin-hoffmann.de\/pr-doktor\/#\/schema\/person\/3fd19b0d213c802a9e0f4ab213f8e1be"},"description":"Warum ich das Konzept des sogenannten \"Digital Detox\" f\u00fcr bedenklich oder sogar gef\u00e4hrlich halte und was ich stattdessen empfehle.","breadcrumb":{"@id":"https:\/\/www.kerstin-hoffmann.de\/pr-doktor\/lage-3-2021\/#breadcrumb"},"inLanguage":"de","potentialAction":[{"@type":"ReadAction","target":["https:\/\/www.kerstin-hoffmann.de\/pr-doktor\/lage-3-2021\/"]}]},{"@type":"ImageObject","inLanguage":"de","@id":"https:\/\/www.kerstin-hoffmann.de\/pr-doktor\/lage-3-2021\/#primaryimage","url":"https:\/\/www.kerstin-hoffmann.de\/pr-doktor\/wp-content\/uploads\/2021\/01\/Titel_lage_kommunikation3-21_artikelbild.jpg","contentUrl":"https:\/\/www.kerstin-hoffmann.de\/pr-doktor\/wp-content\/uploads\/2021\/01\/Titel_lage_kommunikation3-21_artikelbild.jpg","width":825,"height":464},{"@type":"BreadcrumbList","@id":"https:\/\/www.kerstin-hoffmann.de\/pr-doktor\/lage-3-2021\/#breadcrumb","itemListElement":[{"@type":"ListItem","position":1,"name":"Start","item":"https:\/\/www.kerstin-hoffmann.de\/pr-doktor\/"},{"@type":"ListItem","position":2,"name":"Warum ich &#8222;Digital Detox&#8220; f\u00fcr bedenklich und sogar f\u00fcr gef\u00e4hrlich halte"}]},{"@type":"WebSite","@id":"https:\/\/www.kerstin-hoffmann.de\/pr-doktor\/#website","url":"https:\/\/www.kerstin-hoffmann.de\/pr-doktor\/","name":"PR-Doktor","description":"Magazin f\u00fcr Kommunikation und Marketing","potentialAction":[{"@type":"SearchAction","target":{"@type":"EntryPoint","urlTemplate":"https:\/\/www.kerstin-hoffmann.de\/pr-doktor\/?s={search_term_string}"},"query-input":{"@type":"PropertyValueSpecification","valueRequired":true,"valueName":"search_term_string"}}],"inLanguage":"de"},{"@type":"Person","@id":"https:\/\/www.kerstin-hoffmann.de\/pr-doktor\/#\/schema\/person\/3fd19b0d213c802a9e0f4ab213f8e1be","name":"Dr. Kerstin Hoffmann","description":"Sch\u00f6n, dass Sie hier mitlesen. Ich bin Kerstin Hoffmann. Seit vielen Jahren berate und begleite ich Unternehmen in ihrer Kommunikationsstrategie und im Content-Marketing. Besonders spezialisiert bin ich zudem auf Corporate-Influencer-Strategien. Ich halte Vortr\u00e4ge und schreibe B\u00fccher. Lange habe ich an der Heinrich-Heine-Universit\u00e4t D\u00fcsseldorf gelehrt, bis heute gebe ich Gastvorlesungen an verschiedenen Hochschulen.","sameAs":["https:\/\/www.kerstin-hoffmann.de"],"url":"https:\/\/www.kerstin-hoffmann.de\/pr-doktor\/author\/kerstinhoffmann\/"}]}},"_links":{"self":[{"href":"https:\/\/www.kerstin-hoffmann.de\/pr-doktor\/wp-json\/wp\/v2\/posts\/26304","targetHints":{"allow":["GET"]}}],"collection":[{"href":"https:\/\/www.kerstin-hoffmann.de\/pr-doktor\/wp-json\/wp\/v2\/posts"}],"about":[{"href":"https:\/\/www.kerstin-hoffmann.de\/pr-doktor\/wp-json\/wp\/v2\/types\/post"}],"author":[{"embeddable":true,"href":"https:\/\/www.kerstin-hoffmann.de\/pr-doktor\/wp-json\/wp\/v2\/users\/3"}],"replies":[{"embeddable":true,"href":"https:\/\/www.kerstin-hoffmann.de\/pr-doktor\/wp-json\/wp\/v2\/comments?post=26304"}],"version-history":[{"count":0,"href":"https:\/\/www.kerstin-hoffmann.de\/pr-doktor\/wp-json\/wp\/v2\/posts\/26304\/revisions"}],"wp:featuredmedia":[{"embeddable":true,"href":"https:\/\/www.kerstin-hoffmann.de\/pr-doktor\/wp-json\/wp\/v2\/media\/26305"}],"wp:attachment":[{"href":"https:\/\/www.kerstin-hoffmann.de\/pr-doktor\/wp-json\/wp\/v2\/media?parent=26304"}],"wp:term":[{"taxonomy":"category","embeddable":true,"href":"https:\/\/www.kerstin-hoffmann.de\/pr-doktor\/wp-json\/wp\/v2\/categories?post=26304"},{"taxonomy":"post_tag","embeddable":true,"href":"https:\/\/www.kerstin-hoffmann.de\/pr-doktor\/wp-json\/wp\/v2\/tags?post=26304"}],"curies":[{"name":"wp","href":"https:\/\/api.w.org\/{rel}","templated":true}]}}