{"id":25254,"date":"2020-08-07T07:57:58","date_gmt":"2020-08-07T05:57:58","guid":{"rendered":"https:\/\/www.kerstin-hoffmann.de\/pr-doktor\/?p=25254"},"modified":"2022-03-31T17:25:15","modified_gmt":"2022-03-31T15:25:15","slug":"lage-kw32-2020","status":"publish","type":"post","link":"https:\/\/www.kerstin-hoffmann.de\/pr-doktor\/lage-kw32-2020\/","title":{"rendered":"Krise als Chance: 5 Fragen sollst du stellen"},"content":{"rendered":"<div id=\"attachment_28359\" style=\"width: 835px\" class=\"wp-caption alignnone\"><a href=\"https:\/\/youtu.be\/EsDbDW-TNoA\"><img loading=\"lazy\" decoding=\"async\" aria-describedby=\"caption-attachment-28359\" class=\"size-full wp-image-28359\" src=\"https:\/\/www.kerstin-hoffmann.de\/pr-doktor\/wp-content\/uploads\/2020\/08\/Krise-als-Chance-Video.jpg\" alt=\"\" width=\"825\" height=\"468\" srcset=\"https:\/\/www.kerstin-hoffmann.de\/pr-doktor\/wp-content\/uploads\/2020\/08\/Krise-als-Chance-Video.jpg 825w, https:\/\/www.kerstin-hoffmann.de\/pr-doktor\/wp-content\/uploads\/2020\/08\/Krise-als-Chance-Video-300x170.jpg 300w, https:\/\/www.kerstin-hoffmann.de\/pr-doktor\/wp-content\/uploads\/2020\/08\/Krise-als-Chance-Video-768x436.jpg 768w, https:\/\/www.kerstin-hoffmann.de\/pr-doktor\/wp-content\/uploads\/2020\/08\/Krise-als-Chance-Video-705x400.jpg 705w\" sizes=\"auto, (max-width: 825px) 100vw, 825px\" \/><\/a><p id=\"caption-attachment-28359\" class=\"wp-caption-text\"><a href=\"https:\/\/youtu.be\/EsDbDW-TNoA\">Video auf YouTube ansehen.<\/a><\/p><\/div>\n<h3>Diese Folge als Podcast h\u00f6ren<\/h3>\n<div id=\"attachment_28360\" style=\"width: 510px\" class=\"wp-caption alignnone\"><a href=\"https:\/\/anchor.fm\/kerstin-hoffmann\/episodes\/Krise-als-Chance-5-Fragen-sollst-du-stellen-ehpbr0\/a-a2sn1gk\"><img loading=\"lazy\" decoding=\"async\" aria-describedby=\"caption-attachment-28360\" class=\"size-full wp-image-28360\" src=\"https:\/\/www.kerstin-hoffmann.de\/pr-doktor\/wp-content\/uploads\/2020\/08\/Podcast-Krise-als-Chance.jpg\" alt=\"\" width=\"500\" height=\"136\" srcset=\"https:\/\/www.kerstin-hoffmann.de\/pr-doktor\/wp-content\/uploads\/2020\/08\/Podcast-Krise-als-Chance.jpg 500w, https:\/\/www.kerstin-hoffmann.de\/pr-doktor\/wp-content\/uploads\/2020\/08\/Podcast-Krise-als-Chance-300x82.jpg 300w, https:\/\/www.kerstin-hoffmann.de\/pr-doktor\/wp-content\/uploads\/2020\/08\/Podcast-Krise-als-Chance-495x136.jpg 495w\" sizes=\"auto, (max-width: 500px) 100vw, 500px\" \/><\/a><p id=\"caption-attachment-28360\" class=\"wp-caption-text\"><a href=\"https:\/\/anchor.fm\/kerstin-hoffmann\/episodes\/Krise-als-Chance-5-Fragen-sollst-du-stellen-ehpbr0\/a-a2sn1gk\">Podcast bei Anchor anh\u00f6ren.<\/a><\/p><\/div>\n<hr class=\"stag-divider stag-divider--plain\" \/>\n<p>Kennen Sie noch das \u201eWarum\u201c, mit dem Ihr Unternehmen einst angetreten ist? Gibt es eine Unternehmensstory, die Sie unverwechselbar macht? Wie heben Sie sich vom Wettbewerb ab? Und welche weiteren Fragen sollten sich Unternehmensleitung und Kommunikationsfachleute jetzt stellen, um gest\u00e4rkt aus der Krise hervorzugehen? In dieser Folge liefere ich Ihnen die f\u00fcnf wichtigsten Fragen. Au\u00dferdem: gleich vier wertvolle Linktipps.<\/p>\n<h3>Links aus dieser Folge<\/h3>\n<p><a href=\"https:\/\/medium.com\/@petrasammer\/8-erz%C3%A4hlmuster-die-sie-f%C3%BCr-ihre-business-story-kennen-sollten-268630eee81a\">Petra Sammer: 8 Erz\u00e4hlmuster, die Sie f\u00fcr Ihre Business-Story kennen sollten<\/a><\/p>\n<p><a href=\"https:\/\/www.wired.co.uk\/article\/future-of-zoom\">Vicki Turk: Zoom took over the world. This is what will happen next<\/a><\/p>\n<p><a href=\"https:\/\/www.deepl.com\/translator\">DeepL \u00dcbersetzer<\/a><\/p>\n<p><a href=\"https:\/\/www.kerstin-hoffmann.de\/kw29-2020\/\">Strategiecheck: Erwarte das maximal Unerwartete<\/a><\/p>\n","protected":false},"excerpt":{"rendered":"<p>Kennen Sie noch das \u201eWarum\u201c, mit dem Ihr Unternehmen einst angetreten ist? In dieser Folge liefere ich Ihnen die f\u00fcnf wichtigsten Fragen.<\/p>\n","protected":false},"author":3,"featured_media":25202,"comment_status":"closed","ping_status":"closed","sticky":false,"template":"","format":"standard","meta":{"footnotes":""},"categories":[7254],"tags":[],"class_list":["post-25254","post","type-post","status-publish","format-standard","has-post-thumbnail","hentry","category-lage-kommunikation"],"yoast_head":"<!-- This site is optimized with the Yoast SEO plugin v26.9 - https:\/\/yoast.com\/product\/yoast-seo-wordpress\/ -->\n<title>Krise als Chance: 5 Fragen sollst du stellen |\u00a0Zur Lage der Kommunikation<\/title>\n<meta name=\"description\" content=\"Kennen Sie noch das \u201eWarum\u201c, mit dem Ihr Unternehmen einst angetreten ist? In dieser Folge liefere ich Ihnen die f\u00fcnf wichtigsten Fragen.\" \/>\n<meta name=\"robots\" content=\"index, follow, max-snippet:-1, max-image-preview:large, max-video-preview:-1\" \/>\n<link rel=\"canonical\" href=\"https:\/\/www.kerstin-hoffmann.de\/pr-doktor\/lage-kw32-2020\/\" \/>\n<meta property=\"og:locale\" content=\"de_DE\" \/>\n<meta property=\"og:type\" content=\"article\" \/>\n<meta property=\"og:title\" content=\"Krise als Chance: 5 Fragen sollst du stellen |\u00a0Zur Lage der Kommunikation\" \/>\n<meta property=\"og:description\" content=\"Kennen Sie noch das \u201eWarum\u201c, mit dem Ihr Unternehmen einst angetreten ist? In dieser Folge liefere ich Ihnen die f\u00fcnf wichtigsten Fragen.\" \/>\n<meta property=\"og:url\" content=\"https:\/\/www.kerstin-hoffmann.de\/pr-doktor\/lage-kw32-2020\/\" \/>\n<meta property=\"og:site_name\" content=\"PR-Doktor\" \/>\n<meta property=\"article:published_time\" content=\"2020-08-07T05:57:58+00:00\" \/>\n<meta property=\"article:modified_time\" content=\"2022-03-31T15:25:15+00:00\" \/>\n<meta property=\"og:image\" content=\"https:\/\/www.kerstin-hoffmann.de\/pr-doktor\/wp-content\/uploads\/2020\/10\/6-1.jpg\" \/>\n\t<meta property=\"og:image:width\" content=\"680\" \/>\n\t<meta property=\"og:image:height\" content=\"383\" \/>\n\t<meta property=\"og:image:type\" content=\"image\/jpeg\" \/>\n<meta name=\"author\" content=\"Dr. Kerstin Hoffmann\" \/>\n<meta name=\"twitter:card\" content=\"summary_large_image\" \/>\n<meta name=\"twitter:label1\" content=\"Verfasst von\" \/>\n\t<meta name=\"twitter:data1\" content=\"Dr. Kerstin Hoffmann\" \/>\n<script type=\"application\/ld+json\" class=\"yoast-schema-graph\">{\"@context\":\"https:\/\/schema.org\",\"@graph\":[{\"@type\":\"Article\",\"@id\":\"https:\/\/www.kerstin-hoffmann.de\/pr-doktor\/lage-kw32-2020\/#article\",\"isPartOf\":{\"@id\":\"https:\/\/www.kerstin-hoffmann.de\/pr-doktor\/lage-kw32-2020\/\"},\"author\":{\"name\":\"Dr. Kerstin Hoffmann\",\"@id\":\"https:\/\/www.kerstin-hoffmann.de\/pr-doktor\/#\/schema\/person\/3fd19b0d213c802a9e0f4ab213f8e1be\"},\"headline\":\"Krise als Chance: 5 Fragen sollst du stellen\",\"datePublished\":\"2020-08-07T05:57:58+00:00\",\"dateModified\":\"2022-03-31T15:25:15+00:00\",\"mainEntityOfPage\":{\"@id\":\"https:\/\/www.kerstin-hoffmann.de\/pr-doktor\/lage-kw32-2020\/\"},\"wordCount\":134,\"image\":{\"@id\":\"https:\/\/www.kerstin-hoffmann.de\/pr-doktor\/lage-kw32-2020\/#primaryimage\"},\"thumbnailUrl\":\"https:\/\/www.kerstin-hoffmann.de\/pr-doktor\/wp-content\/uploads\/2020\/10\/6-1.jpg\",\"articleSection\":[\"Zur Lage der Kommunikation\"],\"inLanguage\":\"de\"},{\"@type\":\"WebPage\",\"@id\":\"https:\/\/www.kerstin-hoffmann.de\/pr-doktor\/lage-kw32-2020\/\",\"url\":\"https:\/\/www.kerstin-hoffmann.de\/pr-doktor\/lage-kw32-2020\/\",\"name\":\"Krise als Chance: 5 Fragen sollst du stellen |\u00a0Zur Lage der Kommunikation\",\"isPartOf\":{\"@id\":\"https:\/\/www.kerstin-hoffmann.de\/pr-doktor\/#website\"},\"primaryImageOfPage\":{\"@id\":\"https:\/\/www.kerstin-hoffmann.de\/pr-doktor\/lage-kw32-2020\/#primaryimage\"},\"image\":{\"@id\":\"https:\/\/www.kerstin-hoffmann.de\/pr-doktor\/lage-kw32-2020\/#primaryimage\"},\"thumbnailUrl\":\"https:\/\/www.kerstin-hoffmann.de\/pr-doktor\/wp-content\/uploads\/2020\/10\/6-1.jpg\",\"datePublished\":\"2020-08-07T05:57:58+00:00\",\"dateModified\":\"2022-03-31T15:25:15+00:00\",\"author\":{\"@id\":\"https:\/\/www.kerstin-hoffmann.de\/pr-doktor\/#\/schema\/person\/3fd19b0d213c802a9e0f4ab213f8e1be\"},\"description\":\"Kennen Sie noch das \u201eWarum\u201c, mit dem Ihr Unternehmen einst angetreten ist? In dieser Folge liefere ich Ihnen die f\u00fcnf wichtigsten Fragen.\",\"breadcrumb\":{\"@id\":\"https:\/\/www.kerstin-hoffmann.de\/pr-doktor\/lage-kw32-2020\/#breadcrumb\"},\"inLanguage\":\"de\",\"potentialAction\":[{\"@type\":\"ReadAction\",\"target\":[\"https:\/\/www.kerstin-hoffmann.de\/pr-doktor\/lage-kw32-2020\/\"]}]},{\"@type\":\"ImageObject\",\"inLanguage\":\"de\",\"@id\":\"https:\/\/www.kerstin-hoffmann.de\/pr-doktor\/lage-kw32-2020\/#primaryimage\",\"url\":\"https:\/\/www.kerstin-hoffmann.de\/pr-doktor\/wp-content\/uploads\/2020\/10\/6-1.jpg\",\"contentUrl\":\"https:\/\/www.kerstin-hoffmann.de\/pr-doktor\/wp-content\/uploads\/2020\/10\/6-1.jpg\",\"width\":680,\"height\":383},{\"@type\":\"BreadcrumbList\",\"@id\":\"https:\/\/www.kerstin-hoffmann.de\/pr-doktor\/lage-kw32-2020\/#breadcrumb\",\"itemListElement\":[{\"@type\":\"ListItem\",\"position\":1,\"name\":\"Start\",\"item\":\"https:\/\/www.kerstin-hoffmann.de\/pr-doktor\/\"},{\"@type\":\"ListItem\",\"position\":2,\"name\":\"Krise als Chance: 5 Fragen sollst du stellen\"}]},{\"@type\":\"WebSite\",\"@id\":\"https:\/\/www.kerstin-hoffmann.de\/pr-doktor\/#website\",\"url\":\"https:\/\/www.kerstin-hoffmann.de\/pr-doktor\/\",\"name\":\"PR-Doktor\",\"description\":\"Magazin f\u00fcr Kommunikation und Marketing\",\"potentialAction\":[{\"@type\":\"SearchAction\",\"target\":{\"@type\":\"EntryPoint\",\"urlTemplate\":\"https:\/\/www.kerstin-hoffmann.de\/pr-doktor\/?s={search_term_string}\"},\"query-input\":{\"@type\":\"PropertyValueSpecification\",\"valueRequired\":true,\"valueName\":\"search_term_string\"}}],\"inLanguage\":\"de\"},{\"@type\":\"Person\",\"@id\":\"https:\/\/www.kerstin-hoffmann.de\/pr-doktor\/#\/schema\/person\/3fd19b0d213c802a9e0f4ab213f8e1be\",\"name\":\"Dr. Kerstin Hoffmann\",\"description\":\"Sch\u00f6n, dass Sie hier mitlesen. Ich bin Kerstin Hoffmann. Seit vielen Jahren berate und begleite ich Unternehmen in ihrer Kommunikationsstrategie und im Content-Marketing. Besonders spezialisiert bin ich zudem auf Corporate-Influencer-Strategien. Ich halte Vortr\u00e4ge und schreibe B\u00fccher. Lange habe ich an der Heinrich-Heine-Universit\u00e4t D\u00fcsseldorf gelehrt, bis heute gebe ich Gastvorlesungen an verschiedenen Hochschulen.\",\"sameAs\":[\"https:\/\/www.kerstin-hoffmann.de\"],\"url\":\"https:\/\/www.kerstin-hoffmann.de\/pr-doktor\/author\/kerstinhoffmann\/\"}]}<\/script>\n<!-- \/ Yoast SEO plugin. -->","yoast_head_json":{"title":"Krise als Chance: 5 Fragen sollst du stellen |\u00a0Zur Lage der Kommunikation","description":"Kennen Sie noch das \u201eWarum\u201c, mit dem Ihr Unternehmen einst angetreten ist? In dieser Folge liefere ich Ihnen die f\u00fcnf wichtigsten Fragen.","robots":{"index":"index","follow":"follow","max-snippet":"max-snippet:-1","max-image-preview":"max-image-preview:large","max-video-preview":"max-video-preview:-1"},"canonical":"https:\/\/www.kerstin-hoffmann.de\/pr-doktor\/lage-kw32-2020\/","og_locale":"de_DE","og_type":"article","og_title":"Krise als Chance: 5 Fragen sollst du stellen |\u00a0Zur Lage der Kommunikation","og_description":"Kennen Sie noch das \u201eWarum\u201c, mit dem Ihr Unternehmen einst angetreten ist? In dieser Folge liefere ich Ihnen die f\u00fcnf wichtigsten Fragen.","og_url":"https:\/\/www.kerstin-hoffmann.de\/pr-doktor\/lage-kw32-2020\/","og_site_name":"PR-Doktor","article_published_time":"2020-08-07T05:57:58+00:00","article_modified_time":"2022-03-31T15:25:15+00:00","og_image":[{"width":680,"height":383,"url":"https:\/\/www.kerstin-hoffmann.de\/pr-doktor\/wp-content\/uploads\/2020\/10\/6-1.jpg","type":"image\/jpeg"}],"author":"Dr. Kerstin Hoffmann","twitter_card":"summary_large_image","twitter_misc":{"Verfasst von":"Dr. Kerstin Hoffmann"},"schema":{"@context":"https:\/\/schema.org","@graph":[{"@type":"Article","@id":"https:\/\/www.kerstin-hoffmann.de\/pr-doktor\/lage-kw32-2020\/#article","isPartOf":{"@id":"https:\/\/www.kerstin-hoffmann.de\/pr-doktor\/lage-kw32-2020\/"},"author":{"name":"Dr. Kerstin Hoffmann","@id":"https:\/\/www.kerstin-hoffmann.de\/pr-doktor\/#\/schema\/person\/3fd19b0d213c802a9e0f4ab213f8e1be"},"headline":"Krise als Chance: 5 Fragen sollst du stellen","datePublished":"2020-08-07T05:57:58+00:00","dateModified":"2022-03-31T15:25:15+00:00","mainEntityOfPage":{"@id":"https:\/\/www.kerstin-hoffmann.de\/pr-doktor\/lage-kw32-2020\/"},"wordCount":134,"image":{"@id":"https:\/\/www.kerstin-hoffmann.de\/pr-doktor\/lage-kw32-2020\/#primaryimage"},"thumbnailUrl":"https:\/\/www.kerstin-hoffmann.de\/pr-doktor\/wp-content\/uploads\/2020\/10\/6-1.jpg","articleSection":["Zur Lage der Kommunikation"],"inLanguage":"de"},{"@type":"WebPage","@id":"https:\/\/www.kerstin-hoffmann.de\/pr-doktor\/lage-kw32-2020\/","url":"https:\/\/www.kerstin-hoffmann.de\/pr-doktor\/lage-kw32-2020\/","name":"Krise als Chance: 5 Fragen sollst du stellen |\u00a0Zur Lage der Kommunikation","isPartOf":{"@id":"https:\/\/www.kerstin-hoffmann.de\/pr-doktor\/#website"},"primaryImageOfPage":{"@id":"https:\/\/www.kerstin-hoffmann.de\/pr-doktor\/lage-kw32-2020\/#primaryimage"},"image":{"@id":"https:\/\/www.kerstin-hoffmann.de\/pr-doktor\/lage-kw32-2020\/#primaryimage"},"thumbnailUrl":"https:\/\/www.kerstin-hoffmann.de\/pr-doktor\/wp-content\/uploads\/2020\/10\/6-1.jpg","datePublished":"2020-08-07T05:57:58+00:00","dateModified":"2022-03-31T15:25:15+00:00","author":{"@id":"https:\/\/www.kerstin-hoffmann.de\/pr-doktor\/#\/schema\/person\/3fd19b0d213c802a9e0f4ab213f8e1be"},"description":"Kennen Sie noch das \u201eWarum\u201c, mit dem Ihr Unternehmen einst angetreten ist? In dieser Folge liefere ich Ihnen die f\u00fcnf wichtigsten Fragen.","breadcrumb":{"@id":"https:\/\/www.kerstin-hoffmann.de\/pr-doktor\/lage-kw32-2020\/#breadcrumb"},"inLanguage":"de","potentialAction":[{"@type":"ReadAction","target":["https:\/\/www.kerstin-hoffmann.de\/pr-doktor\/lage-kw32-2020\/"]}]},{"@type":"ImageObject","inLanguage":"de","@id":"https:\/\/www.kerstin-hoffmann.de\/pr-doktor\/lage-kw32-2020\/#primaryimage","url":"https:\/\/www.kerstin-hoffmann.de\/pr-doktor\/wp-content\/uploads\/2020\/10\/6-1.jpg","contentUrl":"https:\/\/www.kerstin-hoffmann.de\/pr-doktor\/wp-content\/uploads\/2020\/10\/6-1.jpg","width":680,"height":383},{"@type":"BreadcrumbList","@id":"https:\/\/www.kerstin-hoffmann.de\/pr-doktor\/lage-kw32-2020\/#breadcrumb","itemListElement":[{"@type":"ListItem","position":1,"name":"Start","item":"https:\/\/www.kerstin-hoffmann.de\/pr-doktor\/"},{"@type":"ListItem","position":2,"name":"Krise als Chance: 5 Fragen sollst du stellen"}]},{"@type":"WebSite","@id":"https:\/\/www.kerstin-hoffmann.de\/pr-doktor\/#website","url":"https:\/\/www.kerstin-hoffmann.de\/pr-doktor\/","name":"PR-Doktor","description":"Magazin f\u00fcr Kommunikation und Marketing","potentialAction":[{"@type":"SearchAction","target":{"@type":"EntryPoint","urlTemplate":"https:\/\/www.kerstin-hoffmann.de\/pr-doktor\/?s={search_term_string}"},"query-input":{"@type":"PropertyValueSpecification","valueRequired":true,"valueName":"search_term_string"}}],"inLanguage":"de"},{"@type":"Person","@id":"https:\/\/www.kerstin-hoffmann.de\/pr-doktor\/#\/schema\/person\/3fd19b0d213c802a9e0f4ab213f8e1be","name":"Dr. Kerstin Hoffmann","description":"Sch\u00f6n, dass Sie hier mitlesen. Ich bin Kerstin Hoffmann. Seit vielen Jahren berate und begleite ich Unternehmen in ihrer Kommunikationsstrategie und im Content-Marketing. Besonders spezialisiert bin ich zudem auf Corporate-Influencer-Strategien. Ich halte Vortr\u00e4ge und schreibe B\u00fccher. Lange habe ich an der Heinrich-Heine-Universit\u00e4t D\u00fcsseldorf gelehrt, bis heute gebe ich Gastvorlesungen an verschiedenen Hochschulen.","sameAs":["https:\/\/www.kerstin-hoffmann.de"],"url":"https:\/\/www.kerstin-hoffmann.de\/pr-doktor\/author\/kerstinhoffmann\/"}]}},"_links":{"self":[{"href":"https:\/\/www.kerstin-hoffmann.de\/pr-doktor\/wp-json\/wp\/v2\/posts\/25254","targetHints":{"allow":["GET"]}}],"collection":[{"href":"https:\/\/www.kerstin-hoffmann.de\/pr-doktor\/wp-json\/wp\/v2\/posts"}],"about":[{"href":"https:\/\/www.kerstin-hoffmann.de\/pr-doktor\/wp-json\/wp\/v2\/types\/post"}],"author":[{"embeddable":true,"href":"https:\/\/www.kerstin-hoffmann.de\/pr-doktor\/wp-json\/wp\/v2\/users\/3"}],"replies":[{"embeddable":true,"href":"https:\/\/www.kerstin-hoffmann.de\/pr-doktor\/wp-json\/wp\/v2\/comments?post=25254"}],"version-history":[{"count":0,"href":"https:\/\/www.kerstin-hoffmann.de\/pr-doktor\/wp-json\/wp\/v2\/posts\/25254\/revisions"}],"wp:featuredmedia":[{"embeddable":true,"href":"https:\/\/www.kerstin-hoffmann.de\/pr-doktor\/wp-json\/wp\/v2\/media\/25202"}],"wp:attachment":[{"href":"https:\/\/www.kerstin-hoffmann.de\/pr-doktor\/wp-json\/wp\/v2\/media?parent=25254"}],"wp:term":[{"taxonomy":"category","embeddable":true,"href":"https:\/\/www.kerstin-hoffmann.de\/pr-doktor\/wp-json\/wp\/v2\/categories?post=25254"},{"taxonomy":"post_tag","embeddable":true,"href":"https:\/\/www.kerstin-hoffmann.de\/pr-doktor\/wp-json\/wp\/v2\/tags?post=25254"}],"curies":[{"name":"wp","href":"https:\/\/api.w.org\/{rel}","templated":true}]}}