{"id":25251,"date":"2020-07-31T07:52:59","date_gmt":"2020-07-31T05:52:59","guid":{"rendered":"https:\/\/www.kerstin-hoffmann.de\/pr-doktor\/?p=25251"},"modified":"2022-03-31T17:25:15","modified_gmt":"2022-03-31T15:25:15","slug":"lage-kw31-2020","status":"publish","type":"post","link":"https:\/\/www.kerstin-hoffmann.de\/pr-doktor\/lage-kw31-2020\/","title":{"rendered":"Die Angst des Vertrieblers vor dem Inbound-Marketing"},"content":{"rendered":"<div id=\"attachment_28356\" style=\"width: 835px\" class=\"wp-caption alignnone\"><a href=\"https:\/\/youtu.be\/4VUdskICQS4\"><img loading=\"lazy\" decoding=\"async\" aria-describedby=\"caption-attachment-28356\" class=\"size-full wp-image-28356\" src=\"https:\/\/www.kerstin-hoffmann.de\/pr-doktor\/wp-content\/uploads\/2020\/07\/Video-Angst-des-Vertrieblers.jpg\" alt=\"\" width=\"825\" height=\"472\" srcset=\"https:\/\/www.kerstin-hoffmann.de\/pr-doktor\/wp-content\/uploads\/2020\/07\/Video-Angst-des-Vertrieblers.jpg 825w, https:\/\/www.kerstin-hoffmann.de\/pr-doktor\/wp-content\/uploads\/2020\/07\/Video-Angst-des-Vertrieblers-300x172.jpg 300w, https:\/\/www.kerstin-hoffmann.de\/pr-doktor\/wp-content\/uploads\/2020\/07\/Video-Angst-des-Vertrieblers-768x439.jpg 768w, https:\/\/www.kerstin-hoffmann.de\/pr-doktor\/wp-content\/uploads\/2020\/07\/Video-Angst-des-Vertrieblers-705x403.jpg 705w\" sizes=\"auto, (max-width: 825px) 100vw, 825px\" \/><\/a><p id=\"caption-attachment-28356\" class=\"wp-caption-text\"><a href=\"https:\/\/youtu.be\/4VUdskICQS4\">Video auf YouTube ansehen.<\/a><\/p><\/div>\n<h3>Diese Folge als Podcast h\u00f6ren<\/h3>\n<div id=\"attachment_28357\" style=\"width: 510px\" class=\"wp-caption alignnone\"><a href=\"https:\/\/anchor.fm\/kerstin-hoffmann\/episodes\/Die-Angst-des-Vertrieblers-vor-dem-Inbound-Marketing-eher2i\/a-a2qugbn\"><img loading=\"lazy\" decoding=\"async\" aria-describedby=\"caption-attachment-28357\" class=\"size-full wp-image-28357\" src=\"https:\/\/www.kerstin-hoffmann.de\/pr-doktor\/wp-content\/uploads\/2020\/07\/Podcast-Angst-des-Vertrieblers.jpg\" alt=\"\" width=\"500\" height=\"135\" srcset=\"https:\/\/www.kerstin-hoffmann.de\/pr-doktor\/wp-content\/uploads\/2020\/07\/Podcast-Angst-des-Vertrieblers.jpg 500w, https:\/\/www.kerstin-hoffmann.de\/pr-doktor\/wp-content\/uploads\/2020\/07\/Podcast-Angst-des-Vertrieblers-300x81.jpg 300w, https:\/\/www.kerstin-hoffmann.de\/pr-doktor\/wp-content\/uploads\/2020\/07\/Podcast-Angst-des-Vertrieblers-495x135.jpg 495w\" sizes=\"auto, (max-width: 500px) 100vw, 500px\" \/><\/a><p id=\"caption-attachment-28357\" class=\"wp-caption-text\"><a href=\"https:\/\/anchor.fm\/kerstin-hoffmann\/episodes\/Die-Angst-des-Vertrieblers-vor-dem-Inbound-Marketing-eher2i\/a-a2qugbn\">Podcast bei Anchor anh\u00f6ren.<\/a><\/p><\/div>\n<hr class=\"stag-divider stag-divider--plain\" \/>\n<p>Herr F. leitet den Vertrieb eines gro\u00dfen Mittelst\u00e4ndlers im technischen Bereich. Schon l\u00e4nger funktioniert die Akquise nicht mehr so wie fr\u00fcher. Seit Corona hat sich das nochmals dramatisch verst\u00e4rkt. Jetzt hat Herr F. in letzter Zeit ganz viel Gutes \u00fcber \u201eSocial Selling\u201c via LinkedIn geh\u00f6rt. Also ruft er bei mir an. Sein Wunsch: Eine LinkedIn-Strategie, die ihm in k\u00fcrzester Zeit ganz viele Leads und Auftragsanfragen bringt. Was meinen Sie, was ich Herrn F. antworte?<\/p>\n<h3>Links aus dieser Folge<\/h3>\n<p><a href=\"https:\/\/youtu.be\/PNo81tx17k0\">LinkedIn: Hype oder Pflicht? <\/a><\/p>\n<p><a href=\"https:\/\/www.kerstin-hoffmann.de\/prinzipkostenlos\/\">Prinzip kostenlos<\/a><\/p>\n<p><a href=\"https:\/\/michaelkoehler.eu\/2020\/07\/meine-persoenliche-social-media-strategie\/\">Michael K\u00f6hler: Meine pers\u00f6nliche Social Media Strategie<\/a><\/p>\n","protected":false},"excerpt":{"rendered":"<p>Herr F. hat in letzter Zeit ganz viel Gutes \u00fcber \u201eSocial Selling\u201c via LinkedIn geh\u00f6rt. Was meinen Sie, was ich Herrn F. antworte?<\/p>\n","protected":false},"author":3,"featured_media":25203,"comment_status":"closed","ping_status":"closed","sticky":false,"template":"","format":"standard","meta":{"footnotes":""},"categories":[7254],"tags":[],"class_list":["post-25251","post","type-post","status-publish","format-standard","has-post-thumbnail","hentry","category-lage-kommunikation"],"yoast_head":"<!-- This site is optimized with the Yoast SEO plugin v26.9 - https:\/\/yoast.com\/product\/yoast-seo-wordpress\/ -->\n<title>Die Angst des Vertrieblers vor dem Inbound-Marketing |\u00a0Zur Lage der Kommunikation<\/title>\n<meta name=\"description\" content=\"Herr F. hat in letzter Zeit ganz viel Gutes \u00fcber \u201eSocial Selling\u201c via LinkedIn geh\u00f6rt. Was meinen Sie, was ich Herrn F. antworte?\" \/>\n<meta name=\"robots\" content=\"index, follow, max-snippet:-1, max-image-preview:large, max-video-preview:-1\" \/>\n<link rel=\"canonical\" href=\"https:\/\/www.kerstin-hoffmann.de\/pr-doktor\/lage-kw31-2020\/\" \/>\n<meta property=\"og:locale\" content=\"de_DE\" \/>\n<meta property=\"og:type\" content=\"article\" \/>\n<meta property=\"og:title\" content=\"Die Angst des Vertrieblers vor dem Inbound-Marketing |\u00a0Zur Lage der Kommunikation\" \/>\n<meta property=\"og:description\" content=\"Herr F. hat in letzter Zeit ganz viel Gutes \u00fcber \u201eSocial Selling\u201c via LinkedIn geh\u00f6rt. Was meinen Sie, was ich Herrn F. antworte?\" \/>\n<meta property=\"og:url\" content=\"https:\/\/www.kerstin-hoffmann.de\/pr-doktor\/lage-kw31-2020\/\" \/>\n<meta property=\"og:site_name\" content=\"PR-Doktor\" \/>\n<meta property=\"article:published_time\" content=\"2020-07-31T05:52:59+00:00\" \/>\n<meta property=\"article:modified_time\" content=\"2022-03-31T15:25:15+00:00\" \/>\n<meta property=\"og:image\" content=\"https:\/\/www.kerstin-hoffmann.de\/pr-doktor\/wp-content\/uploads\/2020\/10\/7.jpg\" \/>\n\t<meta property=\"og:image:width\" content=\"680\" \/>\n\t<meta property=\"og:image:height\" content=\"383\" \/>\n\t<meta property=\"og:image:type\" content=\"image\/jpeg\" \/>\n<meta name=\"author\" content=\"Dr. Kerstin Hoffmann\" \/>\n<meta name=\"twitter:card\" content=\"summary_large_image\" \/>\n<meta name=\"twitter:label1\" content=\"Verfasst von\" \/>\n\t<meta name=\"twitter:data1\" content=\"Dr. Kerstin Hoffmann\" \/>\n<script type=\"application\/ld+json\" class=\"yoast-schema-graph\">{\"@context\":\"https:\/\/schema.org\",\"@graph\":[{\"@type\":\"Article\",\"@id\":\"https:\/\/www.kerstin-hoffmann.de\/pr-doktor\/lage-kw31-2020\/#article\",\"isPartOf\":{\"@id\":\"https:\/\/www.kerstin-hoffmann.de\/pr-doktor\/lage-kw31-2020\/\"},\"author\":{\"name\":\"Dr. Kerstin Hoffmann\",\"@id\":\"https:\/\/www.kerstin-hoffmann.de\/pr-doktor\/#\/schema\/person\/3fd19b0d213c802a9e0f4ab213f8e1be\"},\"headline\":\"Die Angst des Vertrieblers vor dem Inbound-Marketing\",\"datePublished\":\"2020-07-31T05:52:59+00:00\",\"dateModified\":\"2022-03-31T15:25:15+00:00\",\"mainEntityOfPage\":{\"@id\":\"https:\/\/www.kerstin-hoffmann.de\/pr-doktor\/lage-kw31-2020\/\"},\"wordCount\":136,\"image\":{\"@id\":\"https:\/\/www.kerstin-hoffmann.de\/pr-doktor\/lage-kw31-2020\/#primaryimage\"},\"thumbnailUrl\":\"https:\/\/www.kerstin-hoffmann.de\/pr-doktor\/wp-content\/uploads\/2020\/10\/7.jpg\",\"articleSection\":[\"Zur Lage der Kommunikation\"],\"inLanguage\":\"de\"},{\"@type\":\"WebPage\",\"@id\":\"https:\/\/www.kerstin-hoffmann.de\/pr-doktor\/lage-kw31-2020\/\",\"url\":\"https:\/\/www.kerstin-hoffmann.de\/pr-doktor\/lage-kw31-2020\/\",\"name\":\"Die Angst des Vertrieblers vor dem Inbound-Marketing |\u00a0Zur Lage der Kommunikation\",\"isPartOf\":{\"@id\":\"https:\/\/www.kerstin-hoffmann.de\/pr-doktor\/#website\"},\"primaryImageOfPage\":{\"@id\":\"https:\/\/www.kerstin-hoffmann.de\/pr-doktor\/lage-kw31-2020\/#primaryimage\"},\"image\":{\"@id\":\"https:\/\/www.kerstin-hoffmann.de\/pr-doktor\/lage-kw31-2020\/#primaryimage\"},\"thumbnailUrl\":\"https:\/\/www.kerstin-hoffmann.de\/pr-doktor\/wp-content\/uploads\/2020\/10\/7.jpg\",\"datePublished\":\"2020-07-31T05:52:59+00:00\",\"dateModified\":\"2022-03-31T15:25:15+00:00\",\"author\":{\"@id\":\"https:\/\/www.kerstin-hoffmann.de\/pr-doktor\/#\/schema\/person\/3fd19b0d213c802a9e0f4ab213f8e1be\"},\"description\":\"Herr F. hat in letzter Zeit ganz viel Gutes \u00fcber \u201eSocial Selling\u201c via LinkedIn geh\u00f6rt. Was meinen Sie, was ich Herrn F. antworte?\",\"breadcrumb\":{\"@id\":\"https:\/\/www.kerstin-hoffmann.de\/pr-doktor\/lage-kw31-2020\/#breadcrumb\"},\"inLanguage\":\"de\",\"potentialAction\":[{\"@type\":\"ReadAction\",\"target\":[\"https:\/\/www.kerstin-hoffmann.de\/pr-doktor\/lage-kw31-2020\/\"]}]},{\"@type\":\"ImageObject\",\"inLanguage\":\"de\",\"@id\":\"https:\/\/www.kerstin-hoffmann.de\/pr-doktor\/lage-kw31-2020\/#primaryimage\",\"url\":\"https:\/\/www.kerstin-hoffmann.de\/pr-doktor\/wp-content\/uploads\/2020\/10\/7.jpg\",\"contentUrl\":\"https:\/\/www.kerstin-hoffmann.de\/pr-doktor\/wp-content\/uploads\/2020\/10\/7.jpg\",\"width\":680,\"height\":383},{\"@type\":\"BreadcrumbList\",\"@id\":\"https:\/\/www.kerstin-hoffmann.de\/pr-doktor\/lage-kw31-2020\/#breadcrumb\",\"itemListElement\":[{\"@type\":\"ListItem\",\"position\":1,\"name\":\"Start\",\"item\":\"https:\/\/www.kerstin-hoffmann.de\/pr-doktor\/\"},{\"@type\":\"ListItem\",\"position\":2,\"name\":\"Die Angst des Vertrieblers vor dem Inbound-Marketing\"}]},{\"@type\":\"WebSite\",\"@id\":\"https:\/\/www.kerstin-hoffmann.de\/pr-doktor\/#website\",\"url\":\"https:\/\/www.kerstin-hoffmann.de\/pr-doktor\/\",\"name\":\"PR-Doktor\",\"description\":\"Magazin f\u00fcr Kommunikation und Marketing\",\"potentialAction\":[{\"@type\":\"SearchAction\",\"target\":{\"@type\":\"EntryPoint\",\"urlTemplate\":\"https:\/\/www.kerstin-hoffmann.de\/pr-doktor\/?s={search_term_string}\"},\"query-input\":{\"@type\":\"PropertyValueSpecification\",\"valueRequired\":true,\"valueName\":\"search_term_string\"}}],\"inLanguage\":\"de\"},{\"@type\":\"Person\",\"@id\":\"https:\/\/www.kerstin-hoffmann.de\/pr-doktor\/#\/schema\/person\/3fd19b0d213c802a9e0f4ab213f8e1be\",\"name\":\"Dr. Kerstin Hoffmann\",\"description\":\"Sch\u00f6n, dass Sie hier mitlesen. Ich bin Kerstin Hoffmann. Seit vielen Jahren berate und begleite ich Unternehmen in ihrer Kommunikationsstrategie und im Content-Marketing. Besonders spezialisiert bin ich zudem auf Corporate-Influencer-Strategien. Ich halte Vortr\u00e4ge und schreibe B\u00fccher. Lange habe ich an der Heinrich-Heine-Universit\u00e4t D\u00fcsseldorf gelehrt, bis heute gebe ich Gastvorlesungen an verschiedenen Hochschulen.\",\"sameAs\":[\"https:\/\/www.kerstin-hoffmann.de\"],\"url\":\"https:\/\/www.kerstin-hoffmann.de\/pr-doktor\/author\/kerstinhoffmann\/\"}]}<\/script>\n<!-- \/ Yoast SEO plugin. -->","yoast_head_json":{"title":"Die Angst des Vertrieblers vor dem Inbound-Marketing |\u00a0Zur Lage der Kommunikation","description":"Herr F. hat in letzter Zeit ganz viel Gutes \u00fcber \u201eSocial Selling\u201c via LinkedIn geh\u00f6rt. Was meinen Sie, was ich Herrn F. antworte?","robots":{"index":"index","follow":"follow","max-snippet":"max-snippet:-1","max-image-preview":"max-image-preview:large","max-video-preview":"max-video-preview:-1"},"canonical":"https:\/\/www.kerstin-hoffmann.de\/pr-doktor\/lage-kw31-2020\/","og_locale":"de_DE","og_type":"article","og_title":"Die Angst des Vertrieblers vor dem Inbound-Marketing |\u00a0Zur Lage der Kommunikation","og_description":"Herr F. hat in letzter Zeit ganz viel Gutes \u00fcber \u201eSocial Selling\u201c via LinkedIn geh\u00f6rt. Was meinen Sie, was ich Herrn F. antworte?","og_url":"https:\/\/www.kerstin-hoffmann.de\/pr-doktor\/lage-kw31-2020\/","og_site_name":"PR-Doktor","article_published_time":"2020-07-31T05:52:59+00:00","article_modified_time":"2022-03-31T15:25:15+00:00","og_image":[{"width":680,"height":383,"url":"https:\/\/www.kerstin-hoffmann.de\/pr-doktor\/wp-content\/uploads\/2020\/10\/7.jpg","type":"image\/jpeg"}],"author":"Dr. Kerstin Hoffmann","twitter_card":"summary_large_image","twitter_misc":{"Verfasst von":"Dr. Kerstin Hoffmann"},"schema":{"@context":"https:\/\/schema.org","@graph":[{"@type":"Article","@id":"https:\/\/www.kerstin-hoffmann.de\/pr-doktor\/lage-kw31-2020\/#article","isPartOf":{"@id":"https:\/\/www.kerstin-hoffmann.de\/pr-doktor\/lage-kw31-2020\/"},"author":{"name":"Dr. Kerstin Hoffmann","@id":"https:\/\/www.kerstin-hoffmann.de\/pr-doktor\/#\/schema\/person\/3fd19b0d213c802a9e0f4ab213f8e1be"},"headline":"Die Angst des Vertrieblers vor dem Inbound-Marketing","datePublished":"2020-07-31T05:52:59+00:00","dateModified":"2022-03-31T15:25:15+00:00","mainEntityOfPage":{"@id":"https:\/\/www.kerstin-hoffmann.de\/pr-doktor\/lage-kw31-2020\/"},"wordCount":136,"image":{"@id":"https:\/\/www.kerstin-hoffmann.de\/pr-doktor\/lage-kw31-2020\/#primaryimage"},"thumbnailUrl":"https:\/\/www.kerstin-hoffmann.de\/pr-doktor\/wp-content\/uploads\/2020\/10\/7.jpg","articleSection":["Zur Lage der Kommunikation"],"inLanguage":"de"},{"@type":"WebPage","@id":"https:\/\/www.kerstin-hoffmann.de\/pr-doktor\/lage-kw31-2020\/","url":"https:\/\/www.kerstin-hoffmann.de\/pr-doktor\/lage-kw31-2020\/","name":"Die Angst des Vertrieblers vor dem Inbound-Marketing |\u00a0Zur Lage der Kommunikation","isPartOf":{"@id":"https:\/\/www.kerstin-hoffmann.de\/pr-doktor\/#website"},"primaryImageOfPage":{"@id":"https:\/\/www.kerstin-hoffmann.de\/pr-doktor\/lage-kw31-2020\/#primaryimage"},"image":{"@id":"https:\/\/www.kerstin-hoffmann.de\/pr-doktor\/lage-kw31-2020\/#primaryimage"},"thumbnailUrl":"https:\/\/www.kerstin-hoffmann.de\/pr-doktor\/wp-content\/uploads\/2020\/10\/7.jpg","datePublished":"2020-07-31T05:52:59+00:00","dateModified":"2022-03-31T15:25:15+00:00","author":{"@id":"https:\/\/www.kerstin-hoffmann.de\/pr-doktor\/#\/schema\/person\/3fd19b0d213c802a9e0f4ab213f8e1be"},"description":"Herr F. hat in letzter Zeit ganz viel Gutes \u00fcber \u201eSocial Selling\u201c via LinkedIn geh\u00f6rt. Was meinen Sie, was ich Herrn F. antworte?","breadcrumb":{"@id":"https:\/\/www.kerstin-hoffmann.de\/pr-doktor\/lage-kw31-2020\/#breadcrumb"},"inLanguage":"de","potentialAction":[{"@type":"ReadAction","target":["https:\/\/www.kerstin-hoffmann.de\/pr-doktor\/lage-kw31-2020\/"]}]},{"@type":"ImageObject","inLanguage":"de","@id":"https:\/\/www.kerstin-hoffmann.de\/pr-doktor\/lage-kw31-2020\/#primaryimage","url":"https:\/\/www.kerstin-hoffmann.de\/pr-doktor\/wp-content\/uploads\/2020\/10\/7.jpg","contentUrl":"https:\/\/www.kerstin-hoffmann.de\/pr-doktor\/wp-content\/uploads\/2020\/10\/7.jpg","width":680,"height":383},{"@type":"BreadcrumbList","@id":"https:\/\/www.kerstin-hoffmann.de\/pr-doktor\/lage-kw31-2020\/#breadcrumb","itemListElement":[{"@type":"ListItem","position":1,"name":"Start","item":"https:\/\/www.kerstin-hoffmann.de\/pr-doktor\/"},{"@type":"ListItem","position":2,"name":"Die Angst des Vertrieblers vor dem Inbound-Marketing"}]},{"@type":"WebSite","@id":"https:\/\/www.kerstin-hoffmann.de\/pr-doktor\/#website","url":"https:\/\/www.kerstin-hoffmann.de\/pr-doktor\/","name":"PR-Doktor","description":"Magazin f\u00fcr Kommunikation und Marketing","potentialAction":[{"@type":"SearchAction","target":{"@type":"EntryPoint","urlTemplate":"https:\/\/www.kerstin-hoffmann.de\/pr-doktor\/?s={search_term_string}"},"query-input":{"@type":"PropertyValueSpecification","valueRequired":true,"valueName":"search_term_string"}}],"inLanguage":"de"},{"@type":"Person","@id":"https:\/\/www.kerstin-hoffmann.de\/pr-doktor\/#\/schema\/person\/3fd19b0d213c802a9e0f4ab213f8e1be","name":"Dr. Kerstin Hoffmann","description":"Sch\u00f6n, dass Sie hier mitlesen. Ich bin Kerstin Hoffmann. Seit vielen Jahren berate und begleite ich Unternehmen in ihrer Kommunikationsstrategie und im Content-Marketing. Besonders spezialisiert bin ich zudem auf Corporate-Influencer-Strategien. Ich halte Vortr\u00e4ge und schreibe B\u00fccher. Lange habe ich an der Heinrich-Heine-Universit\u00e4t D\u00fcsseldorf gelehrt, bis heute gebe ich Gastvorlesungen an verschiedenen Hochschulen.","sameAs":["https:\/\/www.kerstin-hoffmann.de"],"url":"https:\/\/www.kerstin-hoffmann.de\/pr-doktor\/author\/kerstinhoffmann\/"}]}},"_links":{"self":[{"href":"https:\/\/www.kerstin-hoffmann.de\/pr-doktor\/wp-json\/wp\/v2\/posts\/25251","targetHints":{"allow":["GET"]}}],"collection":[{"href":"https:\/\/www.kerstin-hoffmann.de\/pr-doktor\/wp-json\/wp\/v2\/posts"}],"about":[{"href":"https:\/\/www.kerstin-hoffmann.de\/pr-doktor\/wp-json\/wp\/v2\/types\/post"}],"author":[{"embeddable":true,"href":"https:\/\/www.kerstin-hoffmann.de\/pr-doktor\/wp-json\/wp\/v2\/users\/3"}],"replies":[{"embeddable":true,"href":"https:\/\/www.kerstin-hoffmann.de\/pr-doktor\/wp-json\/wp\/v2\/comments?post=25251"}],"version-history":[{"count":0,"href":"https:\/\/www.kerstin-hoffmann.de\/pr-doktor\/wp-json\/wp\/v2\/posts\/25251\/revisions"}],"wp:featuredmedia":[{"embeddable":true,"href":"https:\/\/www.kerstin-hoffmann.de\/pr-doktor\/wp-json\/wp\/v2\/media\/25203"}],"wp:attachment":[{"href":"https:\/\/www.kerstin-hoffmann.de\/pr-doktor\/wp-json\/wp\/v2\/media?parent=25251"}],"wp:term":[{"taxonomy":"category","embeddable":true,"href":"https:\/\/www.kerstin-hoffmann.de\/pr-doktor\/wp-json\/wp\/v2\/categories?post=25251"},{"taxonomy":"post_tag","embeddable":true,"href":"https:\/\/www.kerstin-hoffmann.de\/pr-doktor\/wp-json\/wp\/v2\/tags?post=25251"}],"curies":[{"name":"wp","href":"https:\/\/api.w.org\/{rel}","templated":true}]}}