{"id":25246,"date":"2020-07-24T07:46:32","date_gmt":"2020-07-24T05:46:32","guid":{"rendered":"https:\/\/www.kerstin-hoffmann.de\/pr-doktor\/?p=25246"},"modified":"2022-03-31T17:25:15","modified_gmt":"2022-03-31T15:25:15","slug":"lage-kw30-2020","status":"publish","type":"post","link":"https:\/\/www.kerstin-hoffmann.de\/pr-doktor\/lage-kw30-2020\/","title":{"rendered":"Social Media lieben oder f\u00fcrchten?"},"content":{"rendered":"<div id=\"attachment_28350\" style=\"width: 835px\" class=\"wp-caption alignnone\"><a href=\"https:\/\/youtu.be\/4Qyc_Re15f4\"><img loading=\"lazy\" decoding=\"async\" aria-describedby=\"caption-attachment-28350\" class=\"size-full wp-image-28350\" src=\"https:\/\/www.kerstin-hoffmann.de\/pr-doktor\/wp-content\/uploads\/2020\/07\/Video-Social-Media-lieben.jpg\" alt=\"\" width=\"825\" height=\"471\" srcset=\"https:\/\/www.kerstin-hoffmann.de\/pr-doktor\/wp-content\/uploads\/2020\/07\/Video-Social-Media-lieben.jpg 825w, https:\/\/www.kerstin-hoffmann.de\/pr-doktor\/wp-content\/uploads\/2020\/07\/Video-Social-Media-lieben-300x171.jpg 300w, https:\/\/www.kerstin-hoffmann.de\/pr-doktor\/wp-content\/uploads\/2020\/07\/Video-Social-Media-lieben-768x438.jpg 768w, https:\/\/www.kerstin-hoffmann.de\/pr-doktor\/wp-content\/uploads\/2020\/07\/Video-Social-Media-lieben-705x402.jpg 705w\" sizes=\"auto, (max-width: 825px) 100vw, 825px\" \/><\/a><p id=\"caption-attachment-28350\" class=\"wp-caption-text\"><a href=\"https:\/\/youtu.be\/4Qyc_Re15f4\">Hier geht es zum Video auf YouTube.<\/a><\/p><\/div>\n<h3>Diese Folge als Podcast h\u00f6ren<\/h3>\n<div id=\"attachment_28351\" style=\"width: 510px\" class=\"wp-caption alignnone\"><a href=\"https:\/\/anchor.fm\/kerstin-hoffmann\/episodes\/Social-Media-lieben-oder-frchten-eh51h7\/a-a2p6cdm\"><img loading=\"lazy\" decoding=\"async\" aria-describedby=\"caption-attachment-28351\" class=\"wp-image-28351 size-full\" src=\"https:\/\/www.kerstin-hoffmann.de\/pr-doktor\/wp-content\/uploads\/2020\/07\/Podcast-Social-Media-lieben-....jpg\" alt=\"\" width=\"500\" height=\"136\" srcset=\"https:\/\/www.kerstin-hoffmann.de\/pr-doktor\/wp-content\/uploads\/2020\/07\/Podcast-Social-Media-lieben-....jpg 500w, https:\/\/www.kerstin-hoffmann.de\/pr-doktor\/wp-content\/uploads\/2020\/07\/Podcast-Social-Media-lieben-...-300x82.jpg 300w, https:\/\/www.kerstin-hoffmann.de\/pr-doktor\/wp-content\/uploads\/2020\/07\/Podcast-Social-Media-lieben-...-495x136.jpg 495w\" sizes=\"auto, (max-width: 500px) 100vw, 500px\" \/><\/a><p id=\"caption-attachment-28351\" class=\"wp-caption-text\"><a href=\"https:\/\/anchor.fm\/kerstin-hoffmann\/episodes\/Social-Media-lieben-oder-frchten-eh51h7\/a-a2p6cdm\">Podcast bei Anchor anh\u00f6ren.<\/a><\/p><\/div>\n<hr class=\"stag-divider stag-divider--plain\" \/>\n<p>Die H\u00e4lfte der Weltbev\u00f6lkerung nutzt soziale Netzwerke. Wenn man nur diejenigen z\u00e4hlt, die altersm\u00e4\u00dfig berechtigt sind, sind es sogar zwei Drittel. Tendenz steigend. Das besagt zumindest eine Studie, die Hootsuite gerade publiziert hat. Andererseits: gro\u00dfer Betrugshack bei Twitter. Facebook-Boykott. Massive Bedenken gegen Tiktok, verbunden mit Aufrufen, die App sofort zu l\u00f6schen. Und, und, und &#8230;<\/p>\n<p>Wie geht man damit um? Ist es also am sichersten, soziale Netzwerke nicht zu nutzen? Oder sollte man sich zumindest privat davon fernhalten? Soll man es wenigstens den eigenen Kindern verbieten? Damit befasse ich mich in dieser Episode.<\/p>\n<h3>Links aus dieser Folge<\/h3>\n<p><a href=\"https:\/\/hootsuite.com\/resources\/digital-2020\">Direkt zur Studie \u201eThe Global State of Digital 2020\u201c<\/a><\/p>\n<p><a href=\"https:\/\/meedia.de\/2020\/07\/22\/mehr-als-die-haelfte-der-weltbevoelkerung-nutzt-social-media\/\">Kurze Zusammenfassung der Studie bei Meedia<\/a><\/p>\n<p><a href=\"https:\/\/blog.mediapioneer.com\/online.php?u=1RUCike5601\">Tech Briefing: Wie berechtigt ist die Kritik an TikTok?<\/a><\/p>\n<p><a href=\"https:\/\/datenschutz-generator.de\/eugh-privacy-shield-unwirksam\/\">Dr. Thomas Schwenke zum EuGH-Urteil: EU\/US-Privacy Shield ist unwirksam \u2013 Was Unternehmen jetzt wissen m\u00fcssen<\/a><\/p>\n","protected":false},"excerpt":{"rendered":"<p>Ist es am sichersten, soziale Netzwerke nicht zu nutzen? Oder sollte man sich zumindest privat davon fernhalten?<\/p>\n","protected":false},"author":3,"featured_media":25204,"comment_status":"closed","ping_status":"closed","sticky":false,"template":"","format":"standard","meta":{"footnotes":""},"categories":[7254],"tags":[],"class_list":["post-25246","post","type-post","status-publish","format-standard","has-post-thumbnail","hentry","category-lage-kommunikation"],"yoast_head":"<!-- This site is optimized with the Yoast SEO plugin v26.9 - https:\/\/yoast.com\/product\/yoast-seo-wordpress\/ -->\n<title>Social Media lieben oder f\u00fcrchten? |\u00a0Zur Lage der Kommunikation<\/title>\n<meta name=\"description\" content=\"Ist es am sichersten, soziale Netzwerke nicht zu nutzen? Oder sollte man sich zumindest privat davon fernhalten?\" \/>\n<meta name=\"robots\" content=\"index, follow, max-snippet:-1, max-image-preview:large, max-video-preview:-1\" \/>\n<link rel=\"canonical\" href=\"https:\/\/www.kerstin-hoffmann.de\/pr-doktor\/lage-kw30-2020\/\" \/>\n<meta property=\"og:locale\" content=\"de_DE\" \/>\n<meta property=\"og:type\" content=\"article\" \/>\n<meta property=\"og:title\" content=\"Social Media lieben oder f\u00fcrchten? |\u00a0Zur Lage der Kommunikation\" \/>\n<meta property=\"og:description\" content=\"Ist es am sichersten, soziale Netzwerke nicht zu nutzen? Oder sollte man sich zumindest privat davon fernhalten?\" \/>\n<meta property=\"og:url\" content=\"https:\/\/www.kerstin-hoffmann.de\/pr-doktor\/lage-kw30-2020\/\" \/>\n<meta property=\"og:site_name\" content=\"PR-Doktor\" \/>\n<meta property=\"article:published_time\" content=\"2020-07-24T05:46:32+00:00\" \/>\n<meta property=\"article:modified_time\" content=\"2022-03-31T15:25:15+00:00\" \/>\n<meta property=\"og:image\" content=\"https:\/\/www.kerstin-hoffmann.de\/pr-doktor\/wp-content\/uploads\/2020\/10\/8.jpg\" \/>\n\t<meta property=\"og:image:width\" content=\"680\" \/>\n\t<meta property=\"og:image:height\" content=\"383\" \/>\n\t<meta property=\"og:image:type\" content=\"image\/jpeg\" \/>\n<meta name=\"author\" content=\"Dr. Kerstin Hoffmann\" \/>\n<meta name=\"twitter:card\" content=\"summary_large_image\" \/>\n<meta name=\"twitter:label1\" content=\"Verfasst von\" \/>\n\t<meta name=\"twitter:data1\" content=\"Dr. Kerstin Hoffmann\" \/>\n<script type=\"application\/ld+json\" class=\"yoast-schema-graph\">{\"@context\":\"https:\/\/schema.org\",\"@graph\":[{\"@type\":\"Article\",\"@id\":\"https:\/\/www.kerstin-hoffmann.de\/pr-doktor\/lage-kw30-2020\/#article\",\"isPartOf\":{\"@id\":\"https:\/\/www.kerstin-hoffmann.de\/pr-doktor\/lage-kw30-2020\/\"},\"author\":{\"name\":\"Dr. Kerstin Hoffmann\",\"@id\":\"https:\/\/www.kerstin-hoffmann.de\/pr-doktor\/#\/schema\/person\/3fd19b0d213c802a9e0f4ab213f8e1be\"},\"headline\":\"Social Media lieben oder f\u00fcrchten?\",\"datePublished\":\"2020-07-24T05:46:32+00:00\",\"dateModified\":\"2022-03-31T15:25:15+00:00\",\"mainEntityOfPage\":{\"@id\":\"https:\/\/www.kerstin-hoffmann.de\/pr-doktor\/lage-kw30-2020\/\"},\"wordCount\":179,\"image\":{\"@id\":\"https:\/\/www.kerstin-hoffmann.de\/pr-doktor\/lage-kw30-2020\/#primaryimage\"},\"thumbnailUrl\":\"https:\/\/www.kerstin-hoffmann.de\/pr-doktor\/wp-content\/uploads\/2020\/10\/8.jpg\",\"articleSection\":[\"Zur Lage der Kommunikation\"],\"inLanguage\":\"de\"},{\"@type\":\"WebPage\",\"@id\":\"https:\/\/www.kerstin-hoffmann.de\/pr-doktor\/lage-kw30-2020\/\",\"url\":\"https:\/\/www.kerstin-hoffmann.de\/pr-doktor\/lage-kw30-2020\/\",\"name\":\"Social Media lieben oder f\u00fcrchten? |\u00a0Zur Lage der Kommunikation\",\"isPartOf\":{\"@id\":\"https:\/\/www.kerstin-hoffmann.de\/pr-doktor\/#website\"},\"primaryImageOfPage\":{\"@id\":\"https:\/\/www.kerstin-hoffmann.de\/pr-doktor\/lage-kw30-2020\/#primaryimage\"},\"image\":{\"@id\":\"https:\/\/www.kerstin-hoffmann.de\/pr-doktor\/lage-kw30-2020\/#primaryimage\"},\"thumbnailUrl\":\"https:\/\/www.kerstin-hoffmann.de\/pr-doktor\/wp-content\/uploads\/2020\/10\/8.jpg\",\"datePublished\":\"2020-07-24T05:46:32+00:00\",\"dateModified\":\"2022-03-31T15:25:15+00:00\",\"author\":{\"@id\":\"https:\/\/www.kerstin-hoffmann.de\/pr-doktor\/#\/schema\/person\/3fd19b0d213c802a9e0f4ab213f8e1be\"},\"description\":\"Ist es am sichersten, soziale Netzwerke nicht zu nutzen? Oder sollte man sich zumindest privat davon fernhalten?\",\"breadcrumb\":{\"@id\":\"https:\/\/www.kerstin-hoffmann.de\/pr-doktor\/lage-kw30-2020\/#breadcrumb\"},\"inLanguage\":\"de\",\"potentialAction\":[{\"@type\":\"ReadAction\",\"target\":[\"https:\/\/www.kerstin-hoffmann.de\/pr-doktor\/lage-kw30-2020\/\"]}]},{\"@type\":\"ImageObject\",\"inLanguage\":\"de\",\"@id\":\"https:\/\/www.kerstin-hoffmann.de\/pr-doktor\/lage-kw30-2020\/#primaryimage\",\"url\":\"https:\/\/www.kerstin-hoffmann.de\/pr-doktor\/wp-content\/uploads\/2020\/10\/8.jpg\",\"contentUrl\":\"https:\/\/www.kerstin-hoffmann.de\/pr-doktor\/wp-content\/uploads\/2020\/10\/8.jpg\",\"width\":680,\"height\":383},{\"@type\":\"BreadcrumbList\",\"@id\":\"https:\/\/www.kerstin-hoffmann.de\/pr-doktor\/lage-kw30-2020\/#breadcrumb\",\"itemListElement\":[{\"@type\":\"ListItem\",\"position\":1,\"name\":\"Start\",\"item\":\"https:\/\/www.kerstin-hoffmann.de\/pr-doktor\/\"},{\"@type\":\"ListItem\",\"position\":2,\"name\":\"Social Media lieben oder f\u00fcrchten?\"}]},{\"@type\":\"WebSite\",\"@id\":\"https:\/\/www.kerstin-hoffmann.de\/pr-doktor\/#website\",\"url\":\"https:\/\/www.kerstin-hoffmann.de\/pr-doktor\/\",\"name\":\"PR-Doktor\",\"description\":\"Magazin f\u00fcr Kommunikation und Marketing\",\"potentialAction\":[{\"@type\":\"SearchAction\",\"target\":{\"@type\":\"EntryPoint\",\"urlTemplate\":\"https:\/\/www.kerstin-hoffmann.de\/pr-doktor\/?s={search_term_string}\"},\"query-input\":{\"@type\":\"PropertyValueSpecification\",\"valueRequired\":true,\"valueName\":\"search_term_string\"}}],\"inLanguage\":\"de\"},{\"@type\":\"Person\",\"@id\":\"https:\/\/www.kerstin-hoffmann.de\/pr-doktor\/#\/schema\/person\/3fd19b0d213c802a9e0f4ab213f8e1be\",\"name\":\"Dr. Kerstin Hoffmann\",\"description\":\"Sch\u00f6n, dass Sie hier mitlesen. Ich bin Kerstin Hoffmann. Seit vielen Jahren berate und begleite ich Unternehmen in ihrer Kommunikationsstrategie und im Content-Marketing. Besonders spezialisiert bin ich zudem auf Corporate-Influencer-Strategien. Ich halte Vortr\u00e4ge und schreibe B\u00fccher. Lange habe ich an der Heinrich-Heine-Universit\u00e4t D\u00fcsseldorf gelehrt, bis heute gebe ich Gastvorlesungen an verschiedenen Hochschulen.\",\"sameAs\":[\"https:\/\/www.kerstin-hoffmann.de\"],\"url\":\"https:\/\/www.kerstin-hoffmann.de\/pr-doktor\/author\/kerstinhoffmann\/\"}]}<\/script>\n<!-- \/ Yoast SEO plugin. -->","yoast_head_json":{"title":"Social Media lieben oder f\u00fcrchten? |\u00a0Zur Lage der Kommunikation","description":"Ist es am sichersten, soziale Netzwerke nicht zu nutzen? Oder sollte man sich zumindest privat davon fernhalten?","robots":{"index":"index","follow":"follow","max-snippet":"max-snippet:-1","max-image-preview":"max-image-preview:large","max-video-preview":"max-video-preview:-1"},"canonical":"https:\/\/www.kerstin-hoffmann.de\/pr-doktor\/lage-kw30-2020\/","og_locale":"de_DE","og_type":"article","og_title":"Social Media lieben oder f\u00fcrchten? |\u00a0Zur Lage der Kommunikation","og_description":"Ist es am sichersten, soziale Netzwerke nicht zu nutzen? Oder sollte man sich zumindest privat davon fernhalten?","og_url":"https:\/\/www.kerstin-hoffmann.de\/pr-doktor\/lage-kw30-2020\/","og_site_name":"PR-Doktor","article_published_time":"2020-07-24T05:46:32+00:00","article_modified_time":"2022-03-31T15:25:15+00:00","og_image":[{"width":680,"height":383,"url":"https:\/\/www.kerstin-hoffmann.de\/pr-doktor\/wp-content\/uploads\/2020\/10\/8.jpg","type":"image\/jpeg"}],"author":"Dr. Kerstin Hoffmann","twitter_card":"summary_large_image","twitter_misc":{"Verfasst von":"Dr. Kerstin Hoffmann"},"schema":{"@context":"https:\/\/schema.org","@graph":[{"@type":"Article","@id":"https:\/\/www.kerstin-hoffmann.de\/pr-doktor\/lage-kw30-2020\/#article","isPartOf":{"@id":"https:\/\/www.kerstin-hoffmann.de\/pr-doktor\/lage-kw30-2020\/"},"author":{"name":"Dr. Kerstin Hoffmann","@id":"https:\/\/www.kerstin-hoffmann.de\/pr-doktor\/#\/schema\/person\/3fd19b0d213c802a9e0f4ab213f8e1be"},"headline":"Social Media lieben oder f\u00fcrchten?","datePublished":"2020-07-24T05:46:32+00:00","dateModified":"2022-03-31T15:25:15+00:00","mainEntityOfPage":{"@id":"https:\/\/www.kerstin-hoffmann.de\/pr-doktor\/lage-kw30-2020\/"},"wordCount":179,"image":{"@id":"https:\/\/www.kerstin-hoffmann.de\/pr-doktor\/lage-kw30-2020\/#primaryimage"},"thumbnailUrl":"https:\/\/www.kerstin-hoffmann.de\/pr-doktor\/wp-content\/uploads\/2020\/10\/8.jpg","articleSection":["Zur Lage der Kommunikation"],"inLanguage":"de"},{"@type":"WebPage","@id":"https:\/\/www.kerstin-hoffmann.de\/pr-doktor\/lage-kw30-2020\/","url":"https:\/\/www.kerstin-hoffmann.de\/pr-doktor\/lage-kw30-2020\/","name":"Social Media lieben oder f\u00fcrchten? |\u00a0Zur Lage der Kommunikation","isPartOf":{"@id":"https:\/\/www.kerstin-hoffmann.de\/pr-doktor\/#website"},"primaryImageOfPage":{"@id":"https:\/\/www.kerstin-hoffmann.de\/pr-doktor\/lage-kw30-2020\/#primaryimage"},"image":{"@id":"https:\/\/www.kerstin-hoffmann.de\/pr-doktor\/lage-kw30-2020\/#primaryimage"},"thumbnailUrl":"https:\/\/www.kerstin-hoffmann.de\/pr-doktor\/wp-content\/uploads\/2020\/10\/8.jpg","datePublished":"2020-07-24T05:46:32+00:00","dateModified":"2022-03-31T15:25:15+00:00","author":{"@id":"https:\/\/www.kerstin-hoffmann.de\/pr-doktor\/#\/schema\/person\/3fd19b0d213c802a9e0f4ab213f8e1be"},"description":"Ist es am sichersten, soziale Netzwerke nicht zu nutzen? Oder sollte man sich zumindest privat davon fernhalten?","breadcrumb":{"@id":"https:\/\/www.kerstin-hoffmann.de\/pr-doktor\/lage-kw30-2020\/#breadcrumb"},"inLanguage":"de","potentialAction":[{"@type":"ReadAction","target":["https:\/\/www.kerstin-hoffmann.de\/pr-doktor\/lage-kw30-2020\/"]}]},{"@type":"ImageObject","inLanguage":"de","@id":"https:\/\/www.kerstin-hoffmann.de\/pr-doktor\/lage-kw30-2020\/#primaryimage","url":"https:\/\/www.kerstin-hoffmann.de\/pr-doktor\/wp-content\/uploads\/2020\/10\/8.jpg","contentUrl":"https:\/\/www.kerstin-hoffmann.de\/pr-doktor\/wp-content\/uploads\/2020\/10\/8.jpg","width":680,"height":383},{"@type":"BreadcrumbList","@id":"https:\/\/www.kerstin-hoffmann.de\/pr-doktor\/lage-kw30-2020\/#breadcrumb","itemListElement":[{"@type":"ListItem","position":1,"name":"Start","item":"https:\/\/www.kerstin-hoffmann.de\/pr-doktor\/"},{"@type":"ListItem","position":2,"name":"Social Media lieben oder f\u00fcrchten?"}]},{"@type":"WebSite","@id":"https:\/\/www.kerstin-hoffmann.de\/pr-doktor\/#website","url":"https:\/\/www.kerstin-hoffmann.de\/pr-doktor\/","name":"PR-Doktor","description":"Magazin f\u00fcr Kommunikation und Marketing","potentialAction":[{"@type":"SearchAction","target":{"@type":"EntryPoint","urlTemplate":"https:\/\/www.kerstin-hoffmann.de\/pr-doktor\/?s={search_term_string}"},"query-input":{"@type":"PropertyValueSpecification","valueRequired":true,"valueName":"search_term_string"}}],"inLanguage":"de"},{"@type":"Person","@id":"https:\/\/www.kerstin-hoffmann.de\/pr-doktor\/#\/schema\/person\/3fd19b0d213c802a9e0f4ab213f8e1be","name":"Dr. Kerstin Hoffmann","description":"Sch\u00f6n, dass Sie hier mitlesen. Ich bin Kerstin Hoffmann. Seit vielen Jahren berate und begleite ich Unternehmen in ihrer Kommunikationsstrategie und im Content-Marketing. Besonders spezialisiert bin ich zudem auf Corporate-Influencer-Strategien. Ich halte Vortr\u00e4ge und schreibe B\u00fccher. Lange habe ich an der Heinrich-Heine-Universit\u00e4t D\u00fcsseldorf gelehrt, bis heute gebe ich Gastvorlesungen an verschiedenen Hochschulen.","sameAs":["https:\/\/www.kerstin-hoffmann.de"],"url":"https:\/\/www.kerstin-hoffmann.de\/pr-doktor\/author\/kerstinhoffmann\/"}]}},"_links":{"self":[{"href":"https:\/\/www.kerstin-hoffmann.de\/pr-doktor\/wp-json\/wp\/v2\/posts\/25246","targetHints":{"allow":["GET"]}}],"collection":[{"href":"https:\/\/www.kerstin-hoffmann.de\/pr-doktor\/wp-json\/wp\/v2\/posts"}],"about":[{"href":"https:\/\/www.kerstin-hoffmann.de\/pr-doktor\/wp-json\/wp\/v2\/types\/post"}],"author":[{"embeddable":true,"href":"https:\/\/www.kerstin-hoffmann.de\/pr-doktor\/wp-json\/wp\/v2\/users\/3"}],"replies":[{"embeddable":true,"href":"https:\/\/www.kerstin-hoffmann.de\/pr-doktor\/wp-json\/wp\/v2\/comments?post=25246"}],"version-history":[{"count":0,"href":"https:\/\/www.kerstin-hoffmann.de\/pr-doktor\/wp-json\/wp\/v2\/posts\/25246\/revisions"}],"wp:featuredmedia":[{"embeddable":true,"href":"https:\/\/www.kerstin-hoffmann.de\/pr-doktor\/wp-json\/wp\/v2\/media\/25204"}],"wp:attachment":[{"href":"https:\/\/www.kerstin-hoffmann.de\/pr-doktor\/wp-json\/wp\/v2\/media?parent=25246"}],"wp:term":[{"taxonomy":"category","embeddable":true,"href":"https:\/\/www.kerstin-hoffmann.de\/pr-doktor\/wp-json\/wp\/v2\/categories?post=25246"},{"taxonomy":"post_tag","embeddable":true,"href":"https:\/\/www.kerstin-hoffmann.de\/pr-doktor\/wp-json\/wp\/v2\/tags?post=25246"}],"curies":[{"name":"wp","href":"https:\/\/api.w.org\/{rel}","templated":true}]}}