{"id":22272,"date":"2018-10-04T09:34:10","date_gmt":"2018-10-04T07:34:10","guid":{"rendered":"https:\/\/www.kerstin-hoffmann.de\/pr-doktor\/?p=22272"},"modified":"2022-03-31T17:25:16","modified_gmt":"2022-03-31T15:25:16","slug":"die-zukunft-der-digitalen-kommunikation-der-komplette-vortrag-im-video","status":"publish","type":"post","link":"https:\/\/www.kerstin-hoffmann.de\/pr-doktor\/die-zukunft-der-digitalen-kommunikation-der-komplette-vortrag-im-video\/","title":{"rendered":"&#8222;Die Zukunft der digitalen Kommunikation&#8220; \u2013 der komplette Vortrag im Video"},"content":{"rendered":"<h3>Fit f\u00fcr die Unternehmenskommunikation im Wandel<\/h3>\n<div class=\"page\" title=\"Page 2\">\n<div class=\"layoutArea\">\n<div class=\"column\">\n<p><strong>Wo geht es hin in der digitalen Unternehmenskommunikation, und was k\u00f6nnen Unternehmer, Entscheider und Fachleute tun, um den Erfolg weiterhin zu sichern oder sogar auszubauen? Warum gibt es in Deutschland so viel Nachholbedarf? Warum geht es manchmal trotz intensiver Bem\u00fchungen nicht so recht voran?\u00a0Auf diese und weitere Fragen antworte ich in meinem aktuellen Vortrag. Eine Aufzeichnung aus diesem Jahr ist soeben erschienen, und Sie k\u00f6nnen den kompletten Vortrag jetzt online ansehen.<\/strong><\/p>\n<div id=\"attachment_28422\" style=\"width: 835px\" class=\"wp-caption alignnone\"><a href=\"https:\/\/youtu.be\/vSeqmnXYXtI\"><img loading=\"lazy\" decoding=\"async\" aria-describedby=\"caption-attachment-28422\" class=\"size-full wp-image-28422\" src=\"https:\/\/www.kerstin-hoffmann.de\/pr-doktor\/wp-content\/uploads\/2018\/10\/Video-Vortrag-Zukunft-.jpg\" alt=\"\" width=\"825\" height=\"474\" srcset=\"https:\/\/www.kerstin-hoffmann.de\/pr-doktor\/wp-content\/uploads\/2018\/10\/Video-Vortrag-Zukunft-.jpg 825w, https:\/\/www.kerstin-hoffmann.de\/pr-doktor\/wp-content\/uploads\/2018\/10\/Video-Vortrag-Zukunft--300x172.jpg 300w, https:\/\/www.kerstin-hoffmann.de\/pr-doktor\/wp-content\/uploads\/2018\/10\/Video-Vortrag-Zukunft--768x441.jpg 768w, https:\/\/www.kerstin-hoffmann.de\/pr-doktor\/wp-content\/uploads\/2018\/10\/Video-Vortrag-Zukunft--705x405.jpg 705w\" sizes=\"auto, (max-width: 825px) 100vw, 825px\" \/><\/a><p id=\"caption-attachment-28422\" class=\"wp-caption-text\"><a href=\"https:\/\/youtu.be\/vSeqmnXYXtI\">Vortrag auf YouTube ansehen.<\/a><\/p><\/div>\n<p>Es werden auch ganz konkrete Fragen und Unsicherheiten angesprochen, etwa, wie es mit Facebook weitergeht, was hier zu bef\u00fcrchten und zu hoffen ist und wie Social-Media- Strategien f\u00fcr die Zukunft aussehen. Hier eine Aufzeichnung meines aktuellen Vortrags aus dem Fr\u00fchjahr 2018, die k\u00fcrzlich online gegangen ist. Auch wenn sich in diesem Vortrag, den ich gerade vor einigen Tagen wieder auf einer Veranstaltung gehalten habe, naturgem\u00e4\u00df einige Details mittlerweile weiterentwickelt oder ver\u00e4ndert haben: Das Meiste davon gilt weiterhin uneingeschr\u00e4nkt. Dazu geh\u00f6ren die praktischen Tipps f\u00fcr Entscheider und Kommunikationsfachleute, wie der Wandel in der Kommunikation ins Unternehmen bringen k\u00f6nnen.<\/p>\n<\/div>\n<p>Schauen Sie doch einfach einmal hinein. Vielleicht ist die eine oder andere Anregung f\u00fcr Ihr Unternehmen dabei \u2013 oder f\u00fcr die \u00dcberzeugungsarbeit bei der Unternehmensleitung und den Mitarbeitern.<\/p>\n<p>Vielen Dank an das Team der <a href=\"https:\/\/kreativekommunikationskonzepte.de\">KreativeKK GmbH<\/a> f\u00fcr die Videoproduktion sowie an die IHK Mittlerer Niederrhein f\u00fcr die Freigabe des Videos vom E-Marketingday 2018.<\/p>\n<\/div>\n<h3>Mehr zum Thema Unternehmenskommunikation und Digitalisierung<\/h3>\n<ul>\n<li><a href=\"https:\/\/www.kerstin-hoffmann.de\/pr-doktor\/endlich-digitaler-meister\/\" rel=\"bookmark\">Endlich doch noch digitaler Meister!<\/a><\/li>\n<li><a href=\"https:\/\/www.kerstin-hoffmann.de\/pr-doktor\/entscheider-wissen-kuenstliche-intelligenz-machine-learning\/\" rel=\"bookmark\">Was Entscheider jetzt \u00fcber K\u00fcnstliche Intelligenz und Machine Learning wissen m\u00fcssen<\/a><\/li>\n<li><a href=\"https:\/\/www.kerstin-hoffmann.de\/pr-doktor\/chance-gefahr-ki-machine-learning\/\" rel=\"bookmark\">Gefahr im Verzug? Die Zukunft mit KI und Machine Learning<\/a><\/li>\n<\/ul>\n<h3><strong><a href=\"https:\/\/www.kerstin-hoffmann.de\/vortraege\">M\u00f6chten Sie mehr \u00fcber mein Vortragsangebot und die verschiedenen Themen erfahren, die ich anbiete? Dann bitte hier entlang.\u00a0<\/a><\/strong><\/h3>\n<\/div>\n","protected":false},"excerpt":{"rendered":"<p>Fit f\u00fcr die Unternehmenskommunikation im Wandel Wo geht es hin in der digitalen Unternehmenskommunikation, und was k\u00f6nnen Unternehmer, Entscheider und Fachleute tun, um den Erfolg weiterhin zu sichern oder sogar auszubauen? Warum gibt es in Deutschland so viel Nachholbedarf? Warum geht es manchmal trotz intensiver Bem\u00fchungen nicht so recht voran?\u00a0Auf diese und weitere Fragen antworte [&hellip;]<\/p>\n","protected":false},"author":3,"featured_media":22274,"comment_status":"closed","ping_status":"closed","sticky":false,"template":"","format":"standard","meta":{"footnotes":""},"categories":[1337],"tags":[6186,1155,653,671],"class_list":["post-22272","post","type-post","status-publish","format-standard","has-post-thumbnail","hentry","category-digitaler-wandel","tag-digitalisierung","tag-keynote","tag-unternehmenskommunikation","tag-vortrag"],"yoast_head":"<!-- This site is optimized with the Yoast SEO plugin v26.9 - https:\/\/yoast.com\/product\/yoast-seo-wordpress\/ -->\n<title>&quot;Die Zukunft der digitalen Kommunikation&quot; \u2013 der komplette Vortrag im Video - PR-Doktor<\/title>\n<meta name=\"robots\" content=\"index, follow, max-snippet:-1, max-image-preview:large, max-video-preview:-1\" \/>\n<link rel=\"canonical\" href=\"https:\/\/www.kerstin-hoffmann.de\/pr-doktor\/die-zukunft-der-digitalen-kommunikation-der-komplette-vortrag-im-video\/\" \/>\n<meta property=\"og:locale\" content=\"de_DE\" \/>\n<meta property=\"og:type\" content=\"article\" \/>\n<meta property=\"og:title\" content=\"&quot;Die Zukunft der digitalen Kommunikation&quot; \u2013 der komplette Vortrag im Video - PR-Doktor\" \/>\n<meta property=\"og:description\" content=\"Fit f\u00fcr die Unternehmenskommunikation im Wandel Wo geht es hin in der digitalen Unternehmenskommunikation, und was k\u00f6nnen Unternehmer, Entscheider und Fachleute tun, um den Erfolg weiterhin zu sichern oder sogar auszubauen? Warum gibt es in Deutschland so viel Nachholbedarf? Warum geht es manchmal trotz intensiver Bem\u00fchungen nicht so recht voran?\u00a0Auf diese und weitere Fragen antworte [&hellip;]\" \/>\n<meta property=\"og:url\" content=\"https:\/\/www.kerstin-hoffmann.de\/pr-doktor\/die-zukunft-der-digitalen-kommunikation-der-komplette-vortrag-im-video\/\" \/>\n<meta property=\"og:site_name\" content=\"PR-Doktor\" \/>\n<meta property=\"article:published_time\" content=\"2018-10-04T07:34:10+00:00\" \/>\n<meta property=\"article:modified_time\" content=\"2022-03-31T15:25:16+00:00\" \/>\n<meta property=\"og:image\" content=\"https:\/\/www.kerstin-hoffmann.de\/pr-doktor\/wp-content\/uploads\/2018\/10\/Vortrag_digitale_kommunikation_artikelbild.jpeg\" \/>\n\t<meta property=\"og:image:width\" content=\"850\" \/>\n\t<meta property=\"og:image:height\" content=\"471\" \/>\n\t<meta property=\"og:image:type\" content=\"image\/jpeg\" \/>\n<meta name=\"author\" content=\"Dr. Kerstin Hoffmann\" \/>\n<meta name=\"twitter:card\" content=\"summary_large_image\" \/>\n<meta name=\"twitter:label1\" content=\"Verfasst von\" \/>\n\t<meta name=\"twitter:data1\" content=\"Dr. Kerstin Hoffmann\" \/>\n\t<meta name=\"twitter:label2\" content=\"Gesch\u00e4tzte Lesezeit\" \/>\n\t<meta name=\"twitter:data2\" content=\"2\u00a0Minuten\" \/>\n<script type=\"application\/ld+json\" class=\"yoast-schema-graph\">{\"@context\":\"https:\/\/schema.org\",\"@graph\":[{\"@type\":\"Article\",\"@id\":\"https:\/\/www.kerstin-hoffmann.de\/pr-doktor\/die-zukunft-der-digitalen-kommunikation-der-komplette-vortrag-im-video\/#article\",\"isPartOf\":{\"@id\":\"https:\/\/www.kerstin-hoffmann.de\/pr-doktor\/die-zukunft-der-digitalen-kommunikation-der-komplette-vortrag-im-video\/\"},\"author\":{\"name\":\"Dr. Kerstin Hoffmann\",\"@id\":\"https:\/\/www.kerstin-hoffmann.de\/pr-doktor\/#\/schema\/person\/3fd19b0d213c802a9e0f4ab213f8e1be\"},\"headline\":\"&#8222;Die Zukunft der digitalen Kommunikation&#8220; \u2013 der komplette Vortrag im Video\",\"datePublished\":\"2018-10-04T07:34:10+00:00\",\"dateModified\":\"2022-03-31T15:25:16+00:00\",\"mainEntityOfPage\":{\"@id\":\"https:\/\/www.kerstin-hoffmann.de\/pr-doktor\/die-zukunft-der-digitalen-kommunikation-der-komplette-vortrag-im-video\/\"},\"wordCount\":316,\"image\":{\"@id\":\"https:\/\/www.kerstin-hoffmann.de\/pr-doktor\/die-zukunft-der-digitalen-kommunikation-der-komplette-vortrag-im-video\/#primaryimage\"},\"thumbnailUrl\":\"https:\/\/www.kerstin-hoffmann.de\/pr-doktor\/wp-content\/uploads\/2018\/10\/Vortrag_digitale_kommunikation_artikelbild.jpeg\",\"keywords\":[\"Digitalisierung\",\"Keynote\",\"Unternehmenskommunikation\",\"Vortrag\"],\"articleSection\":[\"Digitaler Wandel\"],\"inLanguage\":\"de\"},{\"@type\":\"WebPage\",\"@id\":\"https:\/\/www.kerstin-hoffmann.de\/pr-doktor\/die-zukunft-der-digitalen-kommunikation-der-komplette-vortrag-im-video\/\",\"url\":\"https:\/\/www.kerstin-hoffmann.de\/pr-doktor\/die-zukunft-der-digitalen-kommunikation-der-komplette-vortrag-im-video\/\",\"name\":\"\\\"Die Zukunft der digitalen Kommunikation\\\" \u2013 der komplette Vortrag im Video - PR-Doktor\",\"isPartOf\":{\"@id\":\"https:\/\/www.kerstin-hoffmann.de\/pr-doktor\/#website\"},\"primaryImageOfPage\":{\"@id\":\"https:\/\/www.kerstin-hoffmann.de\/pr-doktor\/die-zukunft-der-digitalen-kommunikation-der-komplette-vortrag-im-video\/#primaryimage\"},\"image\":{\"@id\":\"https:\/\/www.kerstin-hoffmann.de\/pr-doktor\/die-zukunft-der-digitalen-kommunikation-der-komplette-vortrag-im-video\/#primaryimage\"},\"thumbnailUrl\":\"https:\/\/www.kerstin-hoffmann.de\/pr-doktor\/wp-content\/uploads\/2018\/10\/Vortrag_digitale_kommunikation_artikelbild.jpeg\",\"datePublished\":\"2018-10-04T07:34:10+00:00\",\"dateModified\":\"2022-03-31T15:25:16+00:00\",\"author\":{\"@id\":\"https:\/\/www.kerstin-hoffmann.de\/pr-doktor\/#\/schema\/person\/3fd19b0d213c802a9e0f4ab213f8e1be\"},\"breadcrumb\":{\"@id\":\"https:\/\/www.kerstin-hoffmann.de\/pr-doktor\/die-zukunft-der-digitalen-kommunikation-der-komplette-vortrag-im-video\/#breadcrumb\"},\"inLanguage\":\"de\",\"potentialAction\":[{\"@type\":\"ReadAction\",\"target\":[\"https:\/\/www.kerstin-hoffmann.de\/pr-doktor\/die-zukunft-der-digitalen-kommunikation-der-komplette-vortrag-im-video\/\"]}]},{\"@type\":\"ImageObject\",\"inLanguage\":\"de\",\"@id\":\"https:\/\/www.kerstin-hoffmann.de\/pr-doktor\/die-zukunft-der-digitalen-kommunikation-der-komplette-vortrag-im-video\/#primaryimage\",\"url\":\"https:\/\/www.kerstin-hoffmann.de\/pr-doktor\/wp-content\/uploads\/2018\/10\/Vortrag_digitale_kommunikation_artikelbild.jpeg\",\"contentUrl\":\"https:\/\/www.kerstin-hoffmann.de\/pr-doktor\/wp-content\/uploads\/2018\/10\/Vortrag_digitale_kommunikation_artikelbild.jpeg\",\"width\":850,\"height\":471},{\"@type\":\"BreadcrumbList\",\"@id\":\"https:\/\/www.kerstin-hoffmann.de\/pr-doktor\/die-zukunft-der-digitalen-kommunikation-der-komplette-vortrag-im-video\/#breadcrumb\",\"itemListElement\":[{\"@type\":\"ListItem\",\"position\":1,\"name\":\"Start\",\"item\":\"https:\/\/www.kerstin-hoffmann.de\/pr-doktor\/\"},{\"@type\":\"ListItem\",\"position\":2,\"name\":\"&#8222;Die Zukunft der digitalen Kommunikation&#8220; \u2013 der komplette Vortrag im Video\"}]},{\"@type\":\"WebSite\",\"@id\":\"https:\/\/www.kerstin-hoffmann.de\/pr-doktor\/#website\",\"url\":\"https:\/\/www.kerstin-hoffmann.de\/pr-doktor\/\",\"name\":\"PR-Doktor\",\"description\":\"Magazin f\u00fcr Kommunikation und Marketing\",\"potentialAction\":[{\"@type\":\"SearchAction\",\"target\":{\"@type\":\"EntryPoint\",\"urlTemplate\":\"https:\/\/www.kerstin-hoffmann.de\/pr-doktor\/?s={search_term_string}\"},\"query-input\":{\"@type\":\"PropertyValueSpecification\",\"valueRequired\":true,\"valueName\":\"search_term_string\"}}],\"inLanguage\":\"de\"},{\"@type\":\"Person\",\"@id\":\"https:\/\/www.kerstin-hoffmann.de\/pr-doktor\/#\/schema\/person\/3fd19b0d213c802a9e0f4ab213f8e1be\",\"name\":\"Dr. Kerstin Hoffmann\",\"description\":\"Sch\u00f6n, dass Sie hier mitlesen. Ich bin Kerstin Hoffmann. Seit vielen Jahren berate und begleite ich Unternehmen in ihrer Kommunikationsstrategie und im Content-Marketing. Besonders spezialisiert bin ich zudem auf Corporate-Influencer-Strategien. Ich halte Vortr\u00e4ge und schreibe B\u00fccher. Lange habe ich an der Heinrich-Heine-Universit\u00e4t D\u00fcsseldorf gelehrt, bis heute gebe ich Gastvorlesungen an verschiedenen Hochschulen.\",\"sameAs\":[\"https:\/\/www.kerstin-hoffmann.de\"],\"url\":\"https:\/\/www.kerstin-hoffmann.de\/pr-doktor\/author\/kerstinhoffmann\/\"}]}<\/script>\n<!-- \/ Yoast SEO plugin. -->","yoast_head_json":{"title":"\"Die Zukunft der digitalen Kommunikation\" \u2013 der komplette Vortrag im Video - PR-Doktor","robots":{"index":"index","follow":"follow","max-snippet":"max-snippet:-1","max-image-preview":"max-image-preview:large","max-video-preview":"max-video-preview:-1"},"canonical":"https:\/\/www.kerstin-hoffmann.de\/pr-doktor\/die-zukunft-der-digitalen-kommunikation-der-komplette-vortrag-im-video\/","og_locale":"de_DE","og_type":"article","og_title":"\"Die Zukunft der digitalen Kommunikation\" \u2013 der komplette Vortrag im Video - PR-Doktor","og_description":"Fit f\u00fcr die Unternehmenskommunikation im Wandel Wo geht es hin in der digitalen Unternehmenskommunikation, und was k\u00f6nnen Unternehmer, Entscheider und Fachleute tun, um den Erfolg weiterhin zu sichern oder sogar auszubauen? Warum gibt es in Deutschland so viel Nachholbedarf? Warum geht es manchmal trotz intensiver Bem\u00fchungen nicht so recht voran?\u00a0Auf diese und weitere Fragen antworte [&hellip;]","og_url":"https:\/\/www.kerstin-hoffmann.de\/pr-doktor\/die-zukunft-der-digitalen-kommunikation-der-komplette-vortrag-im-video\/","og_site_name":"PR-Doktor","article_published_time":"2018-10-04T07:34:10+00:00","article_modified_time":"2022-03-31T15:25:16+00:00","og_image":[{"width":850,"height":471,"url":"https:\/\/www.kerstin-hoffmann.de\/pr-doktor\/wp-content\/uploads\/2018\/10\/Vortrag_digitale_kommunikation_artikelbild.jpeg","type":"image\/jpeg"}],"author":"Dr. Kerstin Hoffmann","twitter_card":"summary_large_image","twitter_misc":{"Verfasst von":"Dr. Kerstin Hoffmann","Gesch\u00e4tzte Lesezeit":"2\u00a0Minuten"},"schema":{"@context":"https:\/\/schema.org","@graph":[{"@type":"Article","@id":"https:\/\/www.kerstin-hoffmann.de\/pr-doktor\/die-zukunft-der-digitalen-kommunikation-der-komplette-vortrag-im-video\/#article","isPartOf":{"@id":"https:\/\/www.kerstin-hoffmann.de\/pr-doktor\/die-zukunft-der-digitalen-kommunikation-der-komplette-vortrag-im-video\/"},"author":{"name":"Dr. Kerstin Hoffmann","@id":"https:\/\/www.kerstin-hoffmann.de\/pr-doktor\/#\/schema\/person\/3fd19b0d213c802a9e0f4ab213f8e1be"},"headline":"&#8222;Die Zukunft der digitalen Kommunikation&#8220; \u2013 der komplette Vortrag im Video","datePublished":"2018-10-04T07:34:10+00:00","dateModified":"2022-03-31T15:25:16+00:00","mainEntityOfPage":{"@id":"https:\/\/www.kerstin-hoffmann.de\/pr-doktor\/die-zukunft-der-digitalen-kommunikation-der-komplette-vortrag-im-video\/"},"wordCount":316,"image":{"@id":"https:\/\/www.kerstin-hoffmann.de\/pr-doktor\/die-zukunft-der-digitalen-kommunikation-der-komplette-vortrag-im-video\/#primaryimage"},"thumbnailUrl":"https:\/\/www.kerstin-hoffmann.de\/pr-doktor\/wp-content\/uploads\/2018\/10\/Vortrag_digitale_kommunikation_artikelbild.jpeg","keywords":["Digitalisierung","Keynote","Unternehmenskommunikation","Vortrag"],"articleSection":["Digitaler Wandel"],"inLanguage":"de"},{"@type":"WebPage","@id":"https:\/\/www.kerstin-hoffmann.de\/pr-doktor\/die-zukunft-der-digitalen-kommunikation-der-komplette-vortrag-im-video\/","url":"https:\/\/www.kerstin-hoffmann.de\/pr-doktor\/die-zukunft-der-digitalen-kommunikation-der-komplette-vortrag-im-video\/","name":"\"Die Zukunft der digitalen Kommunikation\" \u2013 der komplette Vortrag im Video - PR-Doktor","isPartOf":{"@id":"https:\/\/www.kerstin-hoffmann.de\/pr-doktor\/#website"},"primaryImageOfPage":{"@id":"https:\/\/www.kerstin-hoffmann.de\/pr-doktor\/die-zukunft-der-digitalen-kommunikation-der-komplette-vortrag-im-video\/#primaryimage"},"image":{"@id":"https:\/\/www.kerstin-hoffmann.de\/pr-doktor\/die-zukunft-der-digitalen-kommunikation-der-komplette-vortrag-im-video\/#primaryimage"},"thumbnailUrl":"https:\/\/www.kerstin-hoffmann.de\/pr-doktor\/wp-content\/uploads\/2018\/10\/Vortrag_digitale_kommunikation_artikelbild.jpeg","datePublished":"2018-10-04T07:34:10+00:00","dateModified":"2022-03-31T15:25:16+00:00","author":{"@id":"https:\/\/www.kerstin-hoffmann.de\/pr-doktor\/#\/schema\/person\/3fd19b0d213c802a9e0f4ab213f8e1be"},"breadcrumb":{"@id":"https:\/\/www.kerstin-hoffmann.de\/pr-doktor\/die-zukunft-der-digitalen-kommunikation-der-komplette-vortrag-im-video\/#breadcrumb"},"inLanguage":"de","potentialAction":[{"@type":"ReadAction","target":["https:\/\/www.kerstin-hoffmann.de\/pr-doktor\/die-zukunft-der-digitalen-kommunikation-der-komplette-vortrag-im-video\/"]}]},{"@type":"ImageObject","inLanguage":"de","@id":"https:\/\/www.kerstin-hoffmann.de\/pr-doktor\/die-zukunft-der-digitalen-kommunikation-der-komplette-vortrag-im-video\/#primaryimage","url":"https:\/\/www.kerstin-hoffmann.de\/pr-doktor\/wp-content\/uploads\/2018\/10\/Vortrag_digitale_kommunikation_artikelbild.jpeg","contentUrl":"https:\/\/www.kerstin-hoffmann.de\/pr-doktor\/wp-content\/uploads\/2018\/10\/Vortrag_digitale_kommunikation_artikelbild.jpeg","width":850,"height":471},{"@type":"BreadcrumbList","@id":"https:\/\/www.kerstin-hoffmann.de\/pr-doktor\/die-zukunft-der-digitalen-kommunikation-der-komplette-vortrag-im-video\/#breadcrumb","itemListElement":[{"@type":"ListItem","position":1,"name":"Start","item":"https:\/\/www.kerstin-hoffmann.de\/pr-doktor\/"},{"@type":"ListItem","position":2,"name":"&#8222;Die Zukunft der digitalen Kommunikation&#8220; \u2013 der komplette Vortrag im Video"}]},{"@type":"WebSite","@id":"https:\/\/www.kerstin-hoffmann.de\/pr-doktor\/#website","url":"https:\/\/www.kerstin-hoffmann.de\/pr-doktor\/","name":"PR-Doktor","description":"Magazin f\u00fcr Kommunikation und Marketing","potentialAction":[{"@type":"SearchAction","target":{"@type":"EntryPoint","urlTemplate":"https:\/\/www.kerstin-hoffmann.de\/pr-doktor\/?s={search_term_string}"},"query-input":{"@type":"PropertyValueSpecification","valueRequired":true,"valueName":"search_term_string"}}],"inLanguage":"de"},{"@type":"Person","@id":"https:\/\/www.kerstin-hoffmann.de\/pr-doktor\/#\/schema\/person\/3fd19b0d213c802a9e0f4ab213f8e1be","name":"Dr. Kerstin Hoffmann","description":"Sch\u00f6n, dass Sie hier mitlesen. Ich bin Kerstin Hoffmann. Seit vielen Jahren berate und begleite ich Unternehmen in ihrer Kommunikationsstrategie und im Content-Marketing. Besonders spezialisiert bin ich zudem auf Corporate-Influencer-Strategien. Ich halte Vortr\u00e4ge und schreibe B\u00fccher. Lange habe ich an der Heinrich-Heine-Universit\u00e4t D\u00fcsseldorf gelehrt, bis heute gebe ich Gastvorlesungen an verschiedenen Hochschulen.","sameAs":["https:\/\/www.kerstin-hoffmann.de"],"url":"https:\/\/www.kerstin-hoffmann.de\/pr-doktor\/author\/kerstinhoffmann\/"}]}},"_links":{"self":[{"href":"https:\/\/www.kerstin-hoffmann.de\/pr-doktor\/wp-json\/wp\/v2\/posts\/22272","targetHints":{"allow":["GET"]}}],"collection":[{"href":"https:\/\/www.kerstin-hoffmann.de\/pr-doktor\/wp-json\/wp\/v2\/posts"}],"about":[{"href":"https:\/\/www.kerstin-hoffmann.de\/pr-doktor\/wp-json\/wp\/v2\/types\/post"}],"author":[{"embeddable":true,"href":"https:\/\/www.kerstin-hoffmann.de\/pr-doktor\/wp-json\/wp\/v2\/users\/3"}],"replies":[{"embeddable":true,"href":"https:\/\/www.kerstin-hoffmann.de\/pr-doktor\/wp-json\/wp\/v2\/comments?post=22272"}],"version-history":[{"count":0,"href":"https:\/\/www.kerstin-hoffmann.de\/pr-doktor\/wp-json\/wp\/v2\/posts\/22272\/revisions"}],"wp:featuredmedia":[{"embeddable":true,"href":"https:\/\/www.kerstin-hoffmann.de\/pr-doktor\/wp-json\/wp\/v2\/media\/22274"}],"wp:attachment":[{"href":"https:\/\/www.kerstin-hoffmann.de\/pr-doktor\/wp-json\/wp\/v2\/media?parent=22272"}],"wp:term":[{"taxonomy":"category","embeddable":true,"href":"https:\/\/www.kerstin-hoffmann.de\/pr-doktor\/wp-json\/wp\/v2\/categories?post=22272"},{"taxonomy":"post_tag","embeddable":true,"href":"https:\/\/www.kerstin-hoffmann.de\/pr-doktor\/wp-json\/wp\/v2\/tags?post=22272"}],"curies":[{"name":"wp","href":"https:\/\/api.w.org\/{rel}","templated":true}]}}