{"id":19597,"date":"2018-03-12T07:30:11","date_gmt":"2018-03-12T06:30:11","guid":{"rendered":"https:\/\/www.kerstin-hoffmann.de\/pr-doktor\/?p=19597"},"modified":"2022-03-31T17:25:16","modified_gmt":"2022-03-31T15:25:16","slug":"neues-von-den-markenbotschaftern","status":"publish","type":"post","link":"https:\/\/www.kerstin-hoffmann.de\/pr-doktor\/neues-von-den-markenbotschaftern\/","title":{"rendered":"Neues von den Markenbotschaftern"},"content":{"rendered":"<h3>Einblicke, Praxistipps und Informationen zum Anschauen und Nachlesen<\/h3>\n<div id=\"attachment_19598\" style=\"width: 860px\" class=\"wp-caption aligncenter\"><img loading=\"lazy\" decoding=\"async\" aria-describedby=\"caption-attachment-19598\" class=\"size-full wp-image-19598\" src=\"https:\/\/www.kerstin-hoffmann.de\/pr-doktor\/wp-content\/uploads\/2018\/03\/smwhh-markenbotschafter.jpg\" alt=\"\" width=\"850\" height=\"638\" srcset=\"https:\/\/www.kerstin-hoffmann.de\/pr-doktor\/wp-content\/uploads\/2018\/03\/smwhh-markenbotschafter.jpg 850w, https:\/\/www.kerstin-hoffmann.de\/pr-doktor\/wp-content\/uploads\/2018\/03\/smwhh-markenbotschafter-300x225.jpg 300w, https:\/\/www.kerstin-hoffmann.de\/pr-doktor\/wp-content\/uploads\/2018\/03\/smwhh-markenbotschafter-768x576.jpg 768w, https:\/\/www.kerstin-hoffmann.de\/pr-doktor\/wp-content\/uploads\/2018\/03\/smwhh-markenbotschafter-705x529.jpg 705w, https:\/\/www.kerstin-hoffmann.de\/pr-doktor\/wp-content\/uploads\/2018\/03\/smwhh-markenbotschafter-250x188.jpg 250w, https:\/\/www.kerstin-hoffmann.de\/pr-doktor\/wp-content\/uploads\/2018\/03\/smwhh-markenbotschafter-400x300.jpg 400w\" sizes=\"auto, (max-width: 850px) 100vw, 850px\" \/><p id=\"caption-attachment-19598\" class=\"wp-caption-text\">Podiumsdiskussion auf der Social Media Week. Foto: Microsoft Deutschland<\/p><\/div>\n<p>Das Thema Markenbotschafter hat mich auch im ersten Quartal dieses Jahres ganz sch\u00f6n auf Trab gehalten und vor allem f\u00fcr viele sch\u00f6ne Gespr\u00e4che gesorgt, unter anderem in einer Podiumsdiskussion, in einem Interview und in der Arbeit an einem Buchbeitrag. Hier gibt es jetzt einiges zu lesen und nachzuschauen.<\/p>\n<h3>Podiumsdiskussion auf der Social Media Week Hamburg #SMWHH<\/h3>\n<p>Eine gro\u00dfe Ehre war es f\u00fcr mich, auf der Social Media Week im Galionsfigurensaal mit Magdalena Rogl (Microsoft) und Nick Marten (OTTO), moderiert von der bekannten Journalistin Carline Mohr, \u00fcber Corporate Influencer, Markenbotschafter und Jobbotschafter zu sprechen. Hier auf YouTube gibt es die Aufzeichnung des Livestreams zu sehen. Unser Panel startet etwa bei 4:12 h.<\/p>\n<div id=\"attachment_28429\" style=\"width: 835px\" class=\"wp-caption alignnone\"><a href=\"https:\/\/youtu.be\/BWZSdDK6mTY\"><img loading=\"lazy\" decoding=\"async\" aria-describedby=\"caption-attachment-28429\" class=\"size-full wp-image-28429\" src=\"https:\/\/www.kerstin-hoffmann.de\/pr-doktor\/wp-content\/uploads\/2018\/03\/Video-SMWHH.jpg\" alt=\"\" width=\"825\" height=\"546\" srcset=\"https:\/\/www.kerstin-hoffmann.de\/pr-doktor\/wp-content\/uploads\/2018\/03\/Video-SMWHH.jpg 825w, https:\/\/www.kerstin-hoffmann.de\/pr-doktor\/wp-content\/uploads\/2018\/03\/Video-SMWHH-300x199.jpg 300w, https:\/\/www.kerstin-hoffmann.de\/pr-doktor\/wp-content\/uploads\/2018\/03\/Video-SMWHH-768x508.jpg 768w, https:\/\/www.kerstin-hoffmann.de\/pr-doktor\/wp-content\/uploads\/2018\/03\/Video-SMWHH-705x467.jpg 705w\" sizes=\"auto, (max-width: 825px) 100vw, 825px\" \/><\/a><p id=\"caption-attachment-28429\" class=\"wp-caption-text\"><a href=\"https:\/\/youtu.be\/BWZSdDK6mTY\">Video auf YouTube ansehen.<\/a><\/p><\/div>\n<p><a href=\"https:\/\/www.facebook.com\/lenarogl\/posts\/10155315763898568\">Anschlie\u00dfend gab es vor der Museumskulisse in Altona noch einen Livestream mit Magdalena und Nick, der hier auf Facebook nachzuschauen ist.<\/a><\/p>\n<p style=\"text-align: center;\">* * * * *<\/p>\n<h3>Personenmarken und Markenbotschafter im Einzelhandel<\/h3>\n<div id=\"attachment_19601\" style=\"width: 860px\" class=\"wp-caption aligncenter\"><a href=\"https:\/\/www.kerstin-hoffmann.de\/pr-doktor\/wp-content\/uploads\/2018\/03\/28-29_Personenmarke_eyebizz_02-2018.pdf\"><img loading=\"lazy\" decoding=\"async\" aria-describedby=\"caption-attachment-19601\" class=\"size-full wp-image-19601\" src=\"https:\/\/www.kerstin-hoffmann.de\/pr-doktor\/wp-content\/uploads\/2018\/03\/eyebizz-interview-markenbotschafter.jpg\" alt=\"\" width=\"850\" height=\"619\" srcset=\"https:\/\/www.kerstin-hoffmann.de\/pr-doktor\/wp-content\/uploads\/2018\/03\/eyebizz-interview-markenbotschafter.jpg 850w, https:\/\/www.kerstin-hoffmann.de\/pr-doktor\/wp-content\/uploads\/2018\/03\/eyebizz-interview-markenbotschafter-300x218.jpg 300w, https:\/\/www.kerstin-hoffmann.de\/pr-doktor\/wp-content\/uploads\/2018\/03\/eyebizz-interview-markenbotschafter-768x559.jpg 768w, https:\/\/www.kerstin-hoffmann.de\/pr-doktor\/wp-content\/uploads\/2018\/03\/eyebizz-interview-markenbotschafter-705x513.jpg 705w, https:\/\/www.kerstin-hoffmann.de\/pr-doktor\/wp-content\/uploads\/2018\/03\/eyebizz-interview-markenbotschafter-250x182.jpg 250w\" sizes=\"auto, (max-width: 850px) 100vw, 850px\" \/><\/a><p id=\"caption-attachment-19601\" class=\"wp-caption-text\">(c) eyebizz, J\u00fcrgen Br\u00e4unlein<\/p><\/div>\n<p>Wie k\u00f6nnen Einzelh\u00e4ndler von starken Personenmarken und Markenbotschaftern profitieren und sich auf diese Weise auch gegen gro\u00dfe Ketten und den Onlinehandel behaupten? Das habe ich am Beispiel Augenoptiker in einem Interview des Fachmagazins &#8222;eyebizz&#8220; erl\u00e4utert. Mit freundlicher Genehmigung des Verlags und des Autors J\u00fcrgen Br\u00e4unlein darf ich hier das komplette Interview als PDF zur Verf\u00fcgung stellen. Es \u00f6ffnet sich direkt, wenn Sie auf das Bild oder <a href=\"https:\/\/www.kerstin-hoffmann.de\/pr-doktor\/wp-content\/uploads\/2018\/03\/28-29_Personenmarke_eyebizz_02-2018.pdf\">hier<\/a> klicken.<\/p>\n<p><a href=\"https:\/\/www.kerstin-hoffmann.de\/pr-doktor\/wp-content\/uploads\/2018\/03\/28-29_Personenmarke_eyebizz_02-2018.pdf\"><img loading=\"lazy\" decoding=\"async\" class=\"size-full wp-image-19602 alignnone\" src=\"https:\/\/www.kerstin-hoffmann.de\/pr-doktor\/wp-content\/uploads\/2018\/03\/PDF-Eyebizz.jpg\" alt=\"\" width=\"650\" height=\"449\" srcset=\"https:\/\/www.kerstin-hoffmann.de\/pr-doktor\/wp-content\/uploads\/2018\/03\/PDF-Eyebizz.jpg 650w, https:\/\/www.kerstin-hoffmann.de\/pr-doktor\/wp-content\/uploads\/2018\/03\/PDF-Eyebizz-300x207.jpg 300w, https:\/\/www.kerstin-hoffmann.de\/pr-doktor\/wp-content\/uploads\/2018\/03\/PDF-Eyebizz-250x173.jpg 250w\" sizes=\"auto, (max-width: 650px) 100vw, 650px\" \/><\/a><\/p>\n<p style=\"text-align: center;\">* * * * *<\/p>\n<h3>Mein Buchbeitrag: Mitarbeiter als die wahren Stars der Marke<\/h3>\n<p><a href=\"https:\/\/fazbuch.de\/produkt\/die-macht-der-meinungsfuehrer\/\"><img loading=\"lazy\" decoding=\"async\" class=\"size-full wp-image-19605 alignnone\" src=\"https:\/\/www.kerstin-hoffmann.de\/pr-doktor\/wp-content\/uploads\/2018\/03\/9783956012266_Die_Macht_der_Meinungsfuehrer.jpg\" alt=\"\" width=\"450\" height=\"674\" srcset=\"https:\/\/www.kerstin-hoffmann.de\/pr-doktor\/wp-content\/uploads\/2018\/03\/9783956012266_Die_Macht_der_Meinungsfuehrer.jpg 450w, https:\/\/www.kerstin-hoffmann.de\/pr-doktor\/wp-content\/uploads\/2018\/03\/9783956012266_Die_Macht_der_Meinungsfuehrer-200x300.jpg 200w, https:\/\/www.kerstin-hoffmann.de\/pr-doktor\/wp-content\/uploads\/2018\/03\/9783956012266_Die_Macht_der_Meinungsfuehrer-250x374.jpg 250w\" sizes=\"auto, (max-width: 450px) 100vw, 450px\" \/><\/a><\/p>\n<p>Einen Kontrapunkt in dem gro\u00dfen Bereich Influencer Marketing und Werbung mit Celebritys durfte ich f\u00fcr das Buch &#8222;Die Macht der Meinungsf\u00fchrer&#8220;, herausgegeben von den renommierten Markenforschern Alexander Schimansky und Shamsey Oloko, setzen. In meinem ausf\u00fchrlichen Buchbeitrag stelle ich dar, warum Mitarbeiter aus dem Unternehmen oft die besten Markenbotschafter sind und warum es sich lohnt in diese zu investieren.<\/p>\n<p><a href=\"https:\/\/fazbuch.de\/produkt\/die-macht-der-meinungsfuehrer\/\">Das Buch erscheint voraussichtlich im Fr\u00fchjahr 2019 im Verlag Frankfurter Allgemeine Buch.\u00a0<\/a><\/p>\n<h3>Mehr zum Thema:<\/h3>\n<div class='avia-iframe-wrap'>\n<blockquote class=\"wp-embedded-content\" data-secret=\"uGDKxsCxfc\"><p><a href=\"https:\/\/www.kerstin-hoffmann.de\/pr-doktor\/influencer-markenbotschafter-und-lotsen-in-der-informationsflut-ein-update\/\">Influencer, Markenbotschafter und Lotsen in der Informationsflut \u2013 ein Update<\/a><\/p><\/blockquote>\n<p><iframe loading=\"lazy\" class=\"wp-embedded-content\" sandbox=\"allow-scripts\" security=\"restricted\" style=\"position: absolute; clip: rect(1px, 1px, 1px, 1px);\" title=\"&#8222;Influencer, Markenbotschafter und Lotsen in der Informationsflut \u2013 ein Update&#8220; &#8212; PR-Doktor\" src=\"https:\/\/www.kerstin-hoffmann.de\/pr-doktor\/influencer-markenbotschafter-und-lotsen-in-der-informationsflut-ein-update\/embed\/#?secret=PL2sVsZBDT#?secret=uGDKxsCxfc\" data-secret=\"uGDKxsCxfc\" width=\"600\" height=\"338\" frameborder=\"0\" marginwidth=\"0\" marginheight=\"0\" scrolling=\"no\"><\/iframe><\/div>\n<div class='avia-iframe-wrap'>\n<blockquote class=\"wp-embedded-content\" data-secret=\"MMerZCBhm8\"><p><a href=\"https:\/\/www.kerstin-hoffmann.de\/pr-doktor\/arbeitsrecht-datenschutz-schleichwerbung-markenbotschafter-unternehmen-wissen\/\">Arbeitsrecht, Datenschutz, Schleichwerbung: Was Markenbotschafter und Unternehmen wissen m\u00fcssen<\/a><\/p><\/blockquote>\n<p><iframe loading=\"lazy\" title=\"&#8222;Arbeitsrecht, Datenschutz, Schleichwerbung: Was Markenbotschafter und Unternehmen wissen m\u00fcssen&#8220; &#8212; PR-Doktor\" class=\"wp-embedded-content\" sandbox=\"allow-scripts\" security=\"restricted\" style=\"position: absolute; clip: rect(1px, 1px, 1px, 1px);\" src=\"https:\/\/www.kerstin-hoffmann.de\/pr-doktor\/arbeitsrecht-datenschutz-schleichwerbung-markenbotschafter-unternehmen-wissen\/embed\/#?secret=MMerZCBhm8\" data-secret=\"MMerZCBhm8\" width=\"600\" height=\"338\" frameborder=\"0\" marginwidth=\"0\" marginheight=\"0\" scrolling=\"no\"><\/iframe><\/div>\n<div class='avia-iframe-wrap'>\n<blockquote class=\"wp-embedded-content\" data-secret=\"oHCR2o4iRs\"><p><a href=\"https:\/\/www.kerstin-hoffmann.de\/pr-doktor\/uwe-knaus-zehn-jahre-daimler-blog-mitarbeiter-markenbotschafter\/\">Uwe Knaus: &#8222;Unsere Mitarbeiter-Blogger waren und sind die glaubw\u00fcrdigsten Markenbotschafter&#8220;<\/a><\/p><\/blockquote>\n<p><iframe loading=\"lazy\" class=\"wp-embedded-content\" sandbox=\"allow-scripts\" security=\"restricted\" style=\"position: absolute; clip: rect(1px, 1px, 1px, 1px);\" title=\"&#8222;Uwe Knaus: &#8222;Unsere Mitarbeiter-Blogger waren und sind die glaubw\u00fcrdigsten Markenbotschafter&#8220;&#8220; &#8212; PR-Doktor\" src=\"https:\/\/www.kerstin-hoffmann.de\/pr-doktor\/uwe-knaus-zehn-jahre-daimler-blog-mitarbeiter-markenbotschafter\/embed\/#?secret=lpkpYMMNgB#?secret=oHCR2o4iRs\" data-secret=\"oHCR2o4iRs\" width=\"600\" height=\"338\" frameborder=\"0\" marginwidth=\"0\" marginheight=\"0\" scrolling=\"no\"><\/iframe><\/div>\n","protected":false},"excerpt":{"rendered":"<p>Einblicke, Praxistipps und Informationen zum Anschauen und Nachlesen. \u2013 Das Thema Markenbotschafter hat mich auch im ersten Quartal dieses Jahres ganz sch\u00f6n auf Trab gehalten und vor allem f\u00fcr viele sch\u00f6ne Gespr\u00e4che gesorgt, unter anderem in einer Podiumsdiskussion, in einem Interview und in der Arbeit an einem Buchbeitrag. Hier gibt es jetzt einiges zu lesen und\u2026<\/p>\n","protected":false},"author":3,"featured_media":19598,"comment_status":"closed","ping_status":"closed","sticky":false,"template":"","format":"standard","meta":{"footnotes":""},"categories":[5176],"tags":[1237,1422,1473],"class_list":["post-19597","post","type-post","status-publish","format-standard","has-post-thumbnail","hentry","category-markenbotschafter","tag-influencer","tag-markenbotschafter","tag-personenmarken"],"yoast_head":"<!-- This site is optimized with the Yoast SEO plugin v26.9 - https:\/\/yoast.com\/product\/yoast-seo-wordpress\/ -->\n<title>Neues von den Markenbotschaftern - PR-Doktor<\/title>\n<meta name=\"robots\" content=\"index, follow, max-snippet:-1, max-image-preview:large, max-video-preview:-1\" \/>\n<link rel=\"canonical\" href=\"https:\/\/www.kerstin-hoffmann.de\/pr-doktor\/neues-von-den-markenbotschaftern\/\" \/>\n<meta property=\"og:locale\" content=\"de_DE\" \/>\n<meta property=\"og:type\" content=\"article\" \/>\n<meta property=\"og:title\" content=\"Neues von den Markenbotschaftern - PR-Doktor\" \/>\n<meta property=\"og:description\" content=\"Einblicke, Praxistipps und Informationen zum Anschauen und Nachlesen. \u2013 Das Thema Markenbotschafter hat mich auch im ersten Quartal dieses Jahres ganz sch\u00f6n auf Trab gehalten und vor allem f\u00fcr viele sch\u00f6ne Gespr\u00e4che gesorgt, unter anderem in einer Podiumsdiskussion, in einem Interview und in der Arbeit an einem Buchbeitrag. Hier gibt es jetzt einiges zu lesen und\u2026\" \/>\n<meta property=\"og:url\" content=\"https:\/\/www.kerstin-hoffmann.de\/pr-doktor\/neues-von-den-markenbotschaftern\/\" \/>\n<meta property=\"og:site_name\" content=\"PR-Doktor\" \/>\n<meta property=\"article:published_time\" content=\"2018-03-12T06:30:11+00:00\" \/>\n<meta property=\"article:modified_time\" content=\"2022-03-31T15:25:16+00:00\" \/>\n<meta property=\"og:image\" content=\"https:\/\/www.kerstin-hoffmann.de\/pr-doktor\/wp-content\/uploads\/2018\/03\/smwhh-markenbotschafter.jpg\" \/>\n\t<meta property=\"og:image:width\" content=\"850\" \/>\n\t<meta property=\"og:image:height\" content=\"638\" \/>\n\t<meta property=\"og:image:type\" content=\"image\/jpeg\" \/>\n<meta name=\"author\" content=\"Dr. Kerstin Hoffmann\" \/>\n<meta name=\"twitter:card\" content=\"summary_large_image\" \/>\n<meta name=\"twitter:label1\" content=\"Verfasst von\" \/>\n\t<meta name=\"twitter:data1\" content=\"Dr. Kerstin Hoffmann\" \/>\n\t<meta name=\"twitter:label2\" content=\"Gesch\u00e4tzte Lesezeit\" \/>\n\t<meta name=\"twitter:data2\" content=\"2\u00a0Minuten\" \/>\n<script type=\"application\/ld+json\" class=\"yoast-schema-graph\">{\"@context\":\"https:\/\/schema.org\",\"@graph\":[{\"@type\":\"Article\",\"@id\":\"https:\/\/www.kerstin-hoffmann.de\/pr-doktor\/neues-von-den-markenbotschaftern\/#article\",\"isPartOf\":{\"@id\":\"https:\/\/www.kerstin-hoffmann.de\/pr-doktor\/neues-von-den-markenbotschaftern\/\"},\"author\":{\"name\":\"Dr. Kerstin Hoffmann\",\"@id\":\"https:\/\/www.kerstin-hoffmann.de\/pr-doktor\/#\/schema\/person\/3fd19b0d213c802a9e0f4ab213f8e1be\"},\"headline\":\"Neues von den Markenbotschaftern\",\"datePublished\":\"2018-03-12T06:30:11+00:00\",\"dateModified\":\"2022-03-31T15:25:16+00:00\",\"mainEntityOfPage\":{\"@id\":\"https:\/\/www.kerstin-hoffmann.de\/pr-doktor\/neues-von-den-markenbotschaftern\/\"},\"wordCount\":374,\"image\":{\"@id\":\"https:\/\/www.kerstin-hoffmann.de\/pr-doktor\/neues-von-den-markenbotschaftern\/#primaryimage\"},\"thumbnailUrl\":\"https:\/\/www.kerstin-hoffmann.de\/pr-doktor\/wp-content\/uploads\/2018\/03\/smwhh-markenbotschafter.jpg\",\"keywords\":[\"Influencer\",\"Markenbotschafter\",\"Personenmarken\"],\"articleSection\":[\"Corporate Influencer\/Markenbotschafter\"],\"inLanguage\":\"de\"},{\"@type\":\"WebPage\",\"@id\":\"https:\/\/www.kerstin-hoffmann.de\/pr-doktor\/neues-von-den-markenbotschaftern\/\",\"url\":\"https:\/\/www.kerstin-hoffmann.de\/pr-doktor\/neues-von-den-markenbotschaftern\/\",\"name\":\"Neues von den Markenbotschaftern - PR-Doktor\",\"isPartOf\":{\"@id\":\"https:\/\/www.kerstin-hoffmann.de\/pr-doktor\/#website\"},\"primaryImageOfPage\":{\"@id\":\"https:\/\/www.kerstin-hoffmann.de\/pr-doktor\/neues-von-den-markenbotschaftern\/#primaryimage\"},\"image\":{\"@id\":\"https:\/\/www.kerstin-hoffmann.de\/pr-doktor\/neues-von-den-markenbotschaftern\/#primaryimage\"},\"thumbnailUrl\":\"https:\/\/www.kerstin-hoffmann.de\/pr-doktor\/wp-content\/uploads\/2018\/03\/smwhh-markenbotschafter.jpg\",\"datePublished\":\"2018-03-12T06:30:11+00:00\",\"dateModified\":\"2022-03-31T15:25:16+00:00\",\"author\":{\"@id\":\"https:\/\/www.kerstin-hoffmann.de\/pr-doktor\/#\/schema\/person\/3fd19b0d213c802a9e0f4ab213f8e1be\"},\"breadcrumb\":{\"@id\":\"https:\/\/www.kerstin-hoffmann.de\/pr-doktor\/neues-von-den-markenbotschaftern\/#breadcrumb\"},\"inLanguage\":\"de\",\"potentialAction\":[{\"@type\":\"ReadAction\",\"target\":[\"https:\/\/www.kerstin-hoffmann.de\/pr-doktor\/neues-von-den-markenbotschaftern\/\"]}]},{\"@type\":\"ImageObject\",\"inLanguage\":\"de\",\"@id\":\"https:\/\/www.kerstin-hoffmann.de\/pr-doktor\/neues-von-den-markenbotschaftern\/#primaryimage\",\"url\":\"https:\/\/www.kerstin-hoffmann.de\/pr-doktor\/wp-content\/uploads\/2018\/03\/smwhh-markenbotschafter.jpg\",\"contentUrl\":\"https:\/\/www.kerstin-hoffmann.de\/pr-doktor\/wp-content\/uploads\/2018\/03\/smwhh-markenbotschafter.jpg\",\"width\":850,\"height\":638,\"caption\":\"Podiumsdiskussion auf der Social Media Week. Foto: Microsoft Deutschland\"},{\"@type\":\"BreadcrumbList\",\"@id\":\"https:\/\/www.kerstin-hoffmann.de\/pr-doktor\/neues-von-den-markenbotschaftern\/#breadcrumb\",\"itemListElement\":[{\"@type\":\"ListItem\",\"position\":1,\"name\":\"Start\",\"item\":\"https:\/\/www.kerstin-hoffmann.de\/pr-doktor\/\"},{\"@type\":\"ListItem\",\"position\":2,\"name\":\"Neues von den Markenbotschaftern\"}]},{\"@type\":\"WebSite\",\"@id\":\"https:\/\/www.kerstin-hoffmann.de\/pr-doktor\/#website\",\"url\":\"https:\/\/www.kerstin-hoffmann.de\/pr-doktor\/\",\"name\":\"PR-Doktor\",\"description\":\"Magazin f\u00fcr Kommunikation und Marketing\",\"potentialAction\":[{\"@type\":\"SearchAction\",\"target\":{\"@type\":\"EntryPoint\",\"urlTemplate\":\"https:\/\/www.kerstin-hoffmann.de\/pr-doktor\/?s={search_term_string}\"},\"query-input\":{\"@type\":\"PropertyValueSpecification\",\"valueRequired\":true,\"valueName\":\"search_term_string\"}}],\"inLanguage\":\"de\"},{\"@type\":\"Person\",\"@id\":\"https:\/\/www.kerstin-hoffmann.de\/pr-doktor\/#\/schema\/person\/3fd19b0d213c802a9e0f4ab213f8e1be\",\"name\":\"Dr. Kerstin Hoffmann\",\"description\":\"Sch\u00f6n, dass Sie hier mitlesen. Ich bin Kerstin Hoffmann. Seit vielen Jahren berate und begleite ich Unternehmen in ihrer Kommunikationsstrategie und im Content-Marketing. Besonders spezialisiert bin ich zudem auf Corporate-Influencer-Strategien. Ich halte Vortr\u00e4ge und schreibe B\u00fccher. Lange habe ich an der Heinrich-Heine-Universit\u00e4t D\u00fcsseldorf gelehrt, bis heute gebe ich Gastvorlesungen an verschiedenen Hochschulen.\",\"sameAs\":[\"https:\/\/www.kerstin-hoffmann.de\"],\"url\":\"https:\/\/www.kerstin-hoffmann.de\/pr-doktor\/author\/kerstinhoffmann\/\"}]}<\/script>\n<!-- \/ Yoast SEO plugin. -->","yoast_head_json":{"title":"Neues von den Markenbotschaftern - PR-Doktor","robots":{"index":"index","follow":"follow","max-snippet":"max-snippet:-1","max-image-preview":"max-image-preview:large","max-video-preview":"max-video-preview:-1"},"canonical":"https:\/\/www.kerstin-hoffmann.de\/pr-doktor\/neues-von-den-markenbotschaftern\/","og_locale":"de_DE","og_type":"article","og_title":"Neues von den Markenbotschaftern - PR-Doktor","og_description":"Einblicke, Praxistipps und Informationen zum Anschauen und Nachlesen. \u2013 Das Thema Markenbotschafter hat mich auch im ersten Quartal dieses Jahres ganz sch\u00f6n auf Trab gehalten und vor allem f\u00fcr viele sch\u00f6ne Gespr\u00e4che gesorgt, unter anderem in einer Podiumsdiskussion, in einem Interview und in der Arbeit an einem Buchbeitrag. Hier gibt es jetzt einiges zu lesen und\u2026","og_url":"https:\/\/www.kerstin-hoffmann.de\/pr-doktor\/neues-von-den-markenbotschaftern\/","og_site_name":"PR-Doktor","article_published_time":"2018-03-12T06:30:11+00:00","article_modified_time":"2022-03-31T15:25:16+00:00","og_image":[{"width":850,"height":638,"url":"https:\/\/www.kerstin-hoffmann.de\/pr-doktor\/wp-content\/uploads\/2018\/03\/smwhh-markenbotschafter.jpg","type":"image\/jpeg"}],"author":"Dr. Kerstin Hoffmann","twitter_card":"summary_large_image","twitter_misc":{"Verfasst von":"Dr. Kerstin Hoffmann","Gesch\u00e4tzte Lesezeit":"2\u00a0Minuten"},"schema":{"@context":"https:\/\/schema.org","@graph":[{"@type":"Article","@id":"https:\/\/www.kerstin-hoffmann.de\/pr-doktor\/neues-von-den-markenbotschaftern\/#article","isPartOf":{"@id":"https:\/\/www.kerstin-hoffmann.de\/pr-doktor\/neues-von-den-markenbotschaftern\/"},"author":{"name":"Dr. Kerstin Hoffmann","@id":"https:\/\/www.kerstin-hoffmann.de\/pr-doktor\/#\/schema\/person\/3fd19b0d213c802a9e0f4ab213f8e1be"},"headline":"Neues von den Markenbotschaftern","datePublished":"2018-03-12T06:30:11+00:00","dateModified":"2022-03-31T15:25:16+00:00","mainEntityOfPage":{"@id":"https:\/\/www.kerstin-hoffmann.de\/pr-doktor\/neues-von-den-markenbotschaftern\/"},"wordCount":374,"image":{"@id":"https:\/\/www.kerstin-hoffmann.de\/pr-doktor\/neues-von-den-markenbotschaftern\/#primaryimage"},"thumbnailUrl":"https:\/\/www.kerstin-hoffmann.de\/pr-doktor\/wp-content\/uploads\/2018\/03\/smwhh-markenbotschafter.jpg","keywords":["Influencer","Markenbotschafter","Personenmarken"],"articleSection":["Corporate Influencer\/Markenbotschafter"],"inLanguage":"de"},{"@type":"WebPage","@id":"https:\/\/www.kerstin-hoffmann.de\/pr-doktor\/neues-von-den-markenbotschaftern\/","url":"https:\/\/www.kerstin-hoffmann.de\/pr-doktor\/neues-von-den-markenbotschaftern\/","name":"Neues von den Markenbotschaftern - PR-Doktor","isPartOf":{"@id":"https:\/\/www.kerstin-hoffmann.de\/pr-doktor\/#website"},"primaryImageOfPage":{"@id":"https:\/\/www.kerstin-hoffmann.de\/pr-doktor\/neues-von-den-markenbotschaftern\/#primaryimage"},"image":{"@id":"https:\/\/www.kerstin-hoffmann.de\/pr-doktor\/neues-von-den-markenbotschaftern\/#primaryimage"},"thumbnailUrl":"https:\/\/www.kerstin-hoffmann.de\/pr-doktor\/wp-content\/uploads\/2018\/03\/smwhh-markenbotschafter.jpg","datePublished":"2018-03-12T06:30:11+00:00","dateModified":"2022-03-31T15:25:16+00:00","author":{"@id":"https:\/\/www.kerstin-hoffmann.de\/pr-doktor\/#\/schema\/person\/3fd19b0d213c802a9e0f4ab213f8e1be"},"breadcrumb":{"@id":"https:\/\/www.kerstin-hoffmann.de\/pr-doktor\/neues-von-den-markenbotschaftern\/#breadcrumb"},"inLanguage":"de","potentialAction":[{"@type":"ReadAction","target":["https:\/\/www.kerstin-hoffmann.de\/pr-doktor\/neues-von-den-markenbotschaftern\/"]}]},{"@type":"ImageObject","inLanguage":"de","@id":"https:\/\/www.kerstin-hoffmann.de\/pr-doktor\/neues-von-den-markenbotschaftern\/#primaryimage","url":"https:\/\/www.kerstin-hoffmann.de\/pr-doktor\/wp-content\/uploads\/2018\/03\/smwhh-markenbotschafter.jpg","contentUrl":"https:\/\/www.kerstin-hoffmann.de\/pr-doktor\/wp-content\/uploads\/2018\/03\/smwhh-markenbotschafter.jpg","width":850,"height":638,"caption":"Podiumsdiskussion auf der Social Media Week. Foto: Microsoft Deutschland"},{"@type":"BreadcrumbList","@id":"https:\/\/www.kerstin-hoffmann.de\/pr-doktor\/neues-von-den-markenbotschaftern\/#breadcrumb","itemListElement":[{"@type":"ListItem","position":1,"name":"Start","item":"https:\/\/www.kerstin-hoffmann.de\/pr-doktor\/"},{"@type":"ListItem","position":2,"name":"Neues von den Markenbotschaftern"}]},{"@type":"WebSite","@id":"https:\/\/www.kerstin-hoffmann.de\/pr-doktor\/#website","url":"https:\/\/www.kerstin-hoffmann.de\/pr-doktor\/","name":"PR-Doktor","description":"Magazin f\u00fcr Kommunikation und Marketing","potentialAction":[{"@type":"SearchAction","target":{"@type":"EntryPoint","urlTemplate":"https:\/\/www.kerstin-hoffmann.de\/pr-doktor\/?s={search_term_string}"},"query-input":{"@type":"PropertyValueSpecification","valueRequired":true,"valueName":"search_term_string"}}],"inLanguage":"de"},{"@type":"Person","@id":"https:\/\/www.kerstin-hoffmann.de\/pr-doktor\/#\/schema\/person\/3fd19b0d213c802a9e0f4ab213f8e1be","name":"Dr. Kerstin Hoffmann","description":"Sch\u00f6n, dass Sie hier mitlesen. Ich bin Kerstin Hoffmann. Seit vielen Jahren berate und begleite ich Unternehmen in ihrer Kommunikationsstrategie und im Content-Marketing. Besonders spezialisiert bin ich zudem auf Corporate-Influencer-Strategien. Ich halte Vortr\u00e4ge und schreibe B\u00fccher. Lange habe ich an der Heinrich-Heine-Universit\u00e4t D\u00fcsseldorf gelehrt, bis heute gebe ich Gastvorlesungen an verschiedenen Hochschulen.","sameAs":["https:\/\/www.kerstin-hoffmann.de"],"url":"https:\/\/www.kerstin-hoffmann.de\/pr-doktor\/author\/kerstinhoffmann\/"}]}},"_links":{"self":[{"href":"https:\/\/www.kerstin-hoffmann.de\/pr-doktor\/wp-json\/wp\/v2\/posts\/19597","targetHints":{"allow":["GET"]}}],"collection":[{"href":"https:\/\/www.kerstin-hoffmann.de\/pr-doktor\/wp-json\/wp\/v2\/posts"}],"about":[{"href":"https:\/\/www.kerstin-hoffmann.de\/pr-doktor\/wp-json\/wp\/v2\/types\/post"}],"author":[{"embeddable":true,"href":"https:\/\/www.kerstin-hoffmann.de\/pr-doktor\/wp-json\/wp\/v2\/users\/3"}],"replies":[{"embeddable":true,"href":"https:\/\/www.kerstin-hoffmann.de\/pr-doktor\/wp-json\/wp\/v2\/comments?post=19597"}],"version-history":[{"count":0,"href":"https:\/\/www.kerstin-hoffmann.de\/pr-doktor\/wp-json\/wp\/v2\/posts\/19597\/revisions"}],"wp:featuredmedia":[{"embeddable":true,"href":"https:\/\/www.kerstin-hoffmann.de\/pr-doktor\/wp-json\/wp\/v2\/media\/19598"}],"wp:attachment":[{"href":"https:\/\/www.kerstin-hoffmann.de\/pr-doktor\/wp-json\/wp\/v2\/media?parent=19597"}],"wp:term":[{"taxonomy":"category","embeddable":true,"href":"https:\/\/www.kerstin-hoffmann.de\/pr-doktor\/wp-json\/wp\/v2\/categories?post=19597"},{"taxonomy":"post_tag","embeddable":true,"href":"https:\/\/www.kerstin-hoffmann.de\/pr-doktor\/wp-json\/wp\/v2\/tags?post=19597"}],"curies":[{"name":"wp","href":"https:\/\/api.w.org\/{rel}","templated":true}]}}