{"id":16836,"date":"2017-03-09T12:58:55","date_gmt":"2017-03-09T11:58:55","guid":{"rendered":"https:\/\/www.kerstin-hoffmann.de\/pr-doktor\/?p=16836"},"modified":"2022-03-31T17:25:17","modified_gmt":"2022-03-31T15:25:17","slug":"verantwortung-meinungsbildner-influencer","status":"publish","type":"post","link":"https:\/\/www.kerstin-hoffmann.de\/pr-doktor\/verantwortung-meinungsbildner-influencer\/","title":{"rendered":"Die gro\u00dfe Verantwortung des Meinungsbildners in unruhigen Zeiten!"},"content":{"rendered":"<p><img loading=\"lazy\" decoding=\"async\" class=\"aligncenter wp-image-17102 size-full\" src=\"https:\/\/www.kerstin-hoffmann.de\/pr-doktor\/wp-content\/uploads\/2019\/01\/meinungsbildner-soziale-netzwerke.jpg\" alt=\"Meinungsbildner\/Influencer mit Sprechblase und Symbole f\u00fcr soziale Netzwerke\" width=\"840\" height=\"630\" \/><\/p>\n<p><strong>Wir leben in sehr spannenden, aber zugleich\u00a0in unruhigen Zeiten \u2013 auch\u00a0was die Kommunikation und Information im Web angeht. #Hatespeech und #Fakenews sind nur zwei Stichworte f\u00fcr Ph\u00e4nomene, die es oft schwermachen, sich in sozialen Netzwerken zurechtzufinden und selbst zu verorten. Nun schreibe und spreche nicht nur ich immer wieder dar\u00fcber, wie es Marken und Pers\u00f6nlichkeiten gelingt, Sichtbarkeit und Reichweite aufzubauen. Doch in dem Moment, in dem jemand von anderen als Lotse und Vorbild akzeptiert wird, ver\u00e4ndert sich auch die \u00f6ffentliche Wahrnehmung in Bezug auf jegliche \u00c4u\u00dferung, die er oder sie t\u00e4tigt. Ich\u00a0finde daher, wir sollten einmal ausf\u00fchrlicher dar\u00fcber sprechen, welche Verantwortung mit gesteigerter Sichtbarkeit und hoher Glaubw\u00fcrdigkeit einhergeht. <\/strong><\/p>\n<p>Ein Meinungsbildner, neudeutsch &#8222;Influencer&#8220; ist ja nicht nur daf\u00fcr da, bestimmte Markenbotschaften zu verk\u00fcnden oder im eigenen Interesse laut zu trommeln. Er oder sie kann \u00fcberhaupt nur dann erfolgreich sein, wenn viele Menschen ihm glauben und vertrauen. Das bedeutet auch: Andere\u00a0orientieren sich an ihm. Sie glauben, was er sagt und schreibt. Ein Meinungsbildner ist auch Wertevorbild. Je mehr Sichtbarkeit, desto gr\u00f6\u00dfer ist die Tragweite jeder einzelnen \u00c4u\u00dferung. Was bedeutet das f\u00fcr Ihre\u00a0eigene Kommunikation, wenn Sie bereits gro\u00dfe Sichtbarkeit aufgebaut haben \u2013 in der \u00d6ffentlichkeit, aber auch in Teil\u00f6ffentlichkeiten?<\/p>\n<h3>Du bist nicht (mehr) privat!<\/h3>\n<p>Sie sitzen gem\u00fctlich in Freizeitkleidung mit Ihrem Smartphone auf dem Sofa und tippen eine kleine Bemerkung bei Facebook ein \u2013 und es f\u00e4llt schwer sich vorzustellen, dass dies wenig sp\u00e4ter von Tausenden gelesen, bewertet und weiterverbreitet wird. Genau dies m\u00fcssen sich aber Meinungsbildner klarmachen. Wer \u00f6ffentlich sichtbar ist, kann sich nicht auf eine rein private Haltung zur\u00fcckziehen. Damit einher geht notwendig eine gewisse Selbstkontrolle an allen Schnittstellen zur Community.<\/p>\n<p>Der Nachteil der Bekanntheit bestehe darin, dass man beim Stra\u00dfenfest nicht mehr unbemerkt in die Rabatten reihern k\u00f6nne \u2013 das hat Robert Gernhardt einmal sinngem\u00e4\u00df gesagt. Das gilt nicht nur f\u00fcr Veranstaltungen, sondern auch f\u00fcr soziale Netzwerke, also \u00fcberall dort, wo uns andere Menschen begegnen. Was fr\u00fcher vor allem prominente Schauspieler oder Politiker betraf, gilt f\u00fcr eine immer gr\u00f6\u00dfere Zahl von Pers\u00f6nlichkeiten. Es braucht gar nicht die gro\u00dfe B\u00fchne oder den Auftritt vor Tausenden, um ganz schnell gro\u00dfe Menschenmassen zu erreichen.<\/p>\n<p>Denn in sozialen Netzwerken \u00a0entstehen Teil\u00f6ffentlichkeiten, in denen Einzelne pl\u00f6tzlich sehr prominent werden, auch wenn sie\u00a0nie in einer breiten \u00d6ffentlichkeit ber\u00fchmt werden. Ein gutes Beispiel f\u00fcr eine solche Person ist der <a href=\"https:\/\/de.wikipedia.org\/wiki\/Sascha_Lobo\">Blogger, Autor und Vortragsredner Sascha Lobo<\/a>. Auch wenn er seit l\u00e4ngerer Zeit im Spiegel publiziert, so ist er doch eher in meinem Umfeld eine wirkliche Ber\u00fchmtheit,\u00a0nicht jedoch in der Gesamtbev\u00f6lkerung.<\/p>\n<h3>Du kannst\u00a0(und wirst!)\u00a0etwas bewirken!<\/h3>\n<p>Kleine, beil\u00e4ufige private Nachrichten k\u00f6nnen\u00a0pl\u00f6tzlich ein viel st\u00e4rkeres Gewicht bekommen und sich viel weiter verbreiten, als eigentlich beabsichtigt war. Wer werteorientiert kommuniziert, kann auf diese Weise viel bewirken.\u00a0Wenn sich werteorientiertes Handeln auszahlt, dann gilt dies erst recht f\u00fcr werteorientierte Kommunikation eines sichtbaren Meinungsbildners. Ein gutes Beispiel daf\u00fcr ist <a href=\"https:\/\/de.wikipedia.org\/wiki\/Sina_Trinkwalder\">die Unternehmerin Sina Trinkwalder.<\/a><\/p>\n<p>Jedoch: Je st\u00e4rker diese Vorbildfunktion im Bewusstsein der Community verankert ist, desto st\u00e4rker werden andere auch jegliche \u00c4u\u00dferung in diesen Zusammenhang einordnen.\u00a0Wenn also prinzipiell nat\u00fcrlich\u00a0jeder sich\u00a0gut \u00fcberlegen sollte, was man sagt: Je gr\u00f6\u00dfer die Reichweite, desto wichtiger wird dies. Je bekannter Sie sind,\u00a0desto genauer\u00a0werden andere Sie beobachten und sich nach Ihnen richten. Da kann Un\u00fcberlegtes schnell gro\u00dfe Kreise ziehen. Das kann eben auch dazu f\u00fchren, dass andere Menschen sich etwas\u00a0zu eigen machen und verbreiten, das\u00a0gar nicht so gemeint war. Beispiel: Fehlinformationen und falsche Nachrichten.<\/p>\n<h3>Drum pr\u00fcfe, was du weitergibst!<\/h3>\n<p>Journalisten arbeiten nach dem Zwei-Quellen-Prinzip: Ehe sie eine Information ver\u00f6ffentlichen, pr\u00fcfen sie anhand mindestens einer weiteren Quelle, ob diese zuverl\u00e4ssig und korrekt ist. Sie sollten es zumindest tun. Viele F\u00e4lle gerade aus der letzten Zeit haben gezeigt, dass auch Medienvertreter nicht vor Fehlinformationen und Hoaxes gefeit sind. Oft f\u00e4llt es auch schwer zu verifizieren, ob nicht die zweite Quelle eigentlich denselben Ursprung hat.<\/p>\n<p>Meinungsbildner sollten sich \u00e4hnliche Prinzipien zu eigen machen. Denn wenn selbstverst\u00e4ndlich sowieso jeder Einzelne ganz genau pr\u00fcfen sollte, was er oder sie etwa in sozialen Netzwerken weiter teilt, steigt mit der pers\u00f6nlichen Reichweite auch der Schaden, der entsteht, weil sich etwas explosionsartig ausbreitet.<\/p>\n<p>Am besten w\u00e4re es, wenn \u00fcberhaupt jeder sich so verh\u00e4lt, als w\u00e4re er oder sie bereits ein Meinungsbildner. Denn, wie gesagt, auch aus dem Kern einer kleinen Teil\u00f6ffentlichkeit k\u00f6nnen gro\u00dfe Bewegungen entstehen. Daher ist die Ausgabe\u00a0des<a href=\"https:\/\/upload-magazin.de\/blog\/ausgaben\/alles-fake\/\"> UPLOAD-Magazins mit dem Titel\u00a0&#8222;Alles Fake!&#8220;<\/a> aktueller denn je. Im Beitrag <a href=\"https:\/\/upload-magazin.de\/blog\/12654-fakt-oder-fake-wie-man-falschmeldungen-im-netz-entlarvt\/\">&#8222;Fakt oder Fake? Wie man Falschmeldungen im Netz entlarvt&#8220;<\/a>\u00a0finden Sie handfeste Tipps. Ich habe etwas dazu geschrieben, wie man sich mittels eigener Lebenserfahrung vor F\u00e4lschungen zu sch\u00fctzt: <a href=\"https:\/\/upload-magazin.de\/blog\/12678-wir-brauchen-mehr-digitalen-menschenverstand\/\">&#8222;Wir brauchen mehr digitalen Menschenverstand<\/a>!&#8220;<\/p>\n<h3>&#8230; und wenn einmal etwas schiefgeht?<\/h3>\n<p>Wer sehr sichtbar ist,\u00a0stellt nicht immer unbedingt nur ein Vorbild dar.\u00a0Wer sich exponiert, macht sich angreifbar.\u00a0Niemand ist ohne Fehler und Irrt\u00fcmer, und es hat wahrscheinlich jeder schon einmal mit einer \u00c4u\u00dferung so richtig danebengehauen. Auch hier wirkt sich die eigene Reichweite auf die zu erwartende Resonanz aus. Aus\u00a0Gr\u00fcnden nicht nur der Vorbild-Funktion, sondern des Selbstschutzes ist es daher sehr sinnvoll, sich \u00c4u\u00dferungen gut zu \u00fcberlegen.\u00a0Ein gutes Monitoring und geeignete Fr\u00fchwarnsysteme sind daher auch f\u00fcr Personenmarken Pflicht. Wer Inhalte nur in eine Richtung sendet, aber nicht vern\u00fcnftig misst und beobachtet, erf\u00e4hrt im Zweifel viel zu sp\u00e4t von bedenklichen\u00a0Entwicklungen.<\/p>\n<p>Werteorientiertes Handeln und gute Vernetzung zahlen sich hier einmal mehr aus: Sie sorgen daf\u00fcr, dass das Umfeld den einen oder anderen Ausrutscher verzeiht.<\/p>\n<h3>Gestalte deine Vorbildfunktion bewusst!<\/h3>\n<p>Wer sich sichtbar macht und f\u00fcr andere ein Lotse in der Flut von Informationen sein will, kann sich also gar nicht dagegen entscheiden, auch ein Wertevorbild zu sein und Meinungen zu pr\u00e4gen. Zudem bringt eben Sichtbarkeit auch Risiken mit sich. Wer dies bewusst gestaltet, erleichtert sich vieles und kann auch eher erkennen, wenn etwas in die falsche Richtung l\u00e4uft. Fragen, die sich Meinungsbildner stellen k\u00f6nnten:<\/p>\n<ul>\n<li>Was sind meine pers\u00f6nlichen Ziele?<\/li>\n<li>Welche pers\u00f6nlichen Wertvorstellungen zeichnen mich aus?<\/li>\n<li>Was sind meine Kernthemen, f\u00fcr die ich stehe?<\/li>\n<li>F\u00fcr wen will ich ein Wertevorbild\u00a0sein?<\/li>\n<li>Wo sind andere, mit denen ich mich zu diesem Thema verbinden und gemeinsam Nutzen generieren kann?<\/li>\n<li>Inwiefern tr\u00e4gt das, was ich ver\u00f6ffentliche, zum wirklichen Nutzen meiner Community bei?<\/li>\n<li>Welches Fremdbild erzeugt die Gesamtheit dessen, was ich \u00f6ffentlich (oder teil\u00f6ffentlich) sichtbar von mir preisgebe? Entspricht dies meinem Selbstbild ebenso wie dem Fremdbild, das ich erzeugen will?<\/li>\n<li>Wie gut h\u00f6re ich zu, und wie erfahre ich von wichtigen Informationen?<\/li>\n<li>Wie verhalte ich mich in Diskussionen? Bin ich in der Lage, mich auf Argumente einzulassen und meinen Standpunkt zu \u00fcberdenken?<\/li>\n<li>Traue ich mich, meine eigene Meinung zu vertreten, auch wenn ich wei\u00df, dass dies Kontroversen hervorrufen kann?<\/li>\n<li>Passt der Tonfall dieses einen Kommentars oder dieses speziellen Postings, das ich gerade abschicken will, zu meinem Selbstbild?<\/li>\n<li>Wie gehe ich mit Krisen und Konflikten um, und wer hilft mir dabei?<\/li>\n<\/ul>\n<h3>Wer ist denn nun \u00fcberhaupt ein Meinungsbildner?<\/h3>\n<p>Meinungsbildner oder &#8222;Influencer&#8220;: Das sind letztlich sehr schwammige Begriffe. Ab wann kann\u00a0jemand \u00fcberhaupt als solcher betrachtet werden? Ich finde das sehr schwer zu beurteilen oder gar in Zahlen wie Follower oder Fans quantitativ zu erfassen \u2013 aber nat\u00fcrlich liefern steigende Like- oder Share-Zahlen erste Anhaltspunkte dar\u00fcber, wie weit sich eigene \u00c4u\u00dferungen verbreiten.<\/p>\n<p>Qualitativ kann das jeder Einzelne daran beobachten, wie andere auf ihn oder sie reagieren und inwiefern sie das \u00fcbernehmen, was er sagt und vertritt. Jede Community hat ihre Galionsfiguren, und dar\u00fcber herrscht in der Regel in der jeweiligen Gruppe eine gewisse\u00a0\u00dcbereinkunft. Auch steigende Presse- oder Interviewanfragen sind\u00a0beispielsweise\u00a0Indizien f\u00fcr Bekanntheit und pers\u00f6nliche Relevanz.<\/p>\n<h3>Handle nur so, als w\u00e4rest du ein allgemein anerkanntes Vorbild!<\/h3>\n<p>Ich denke, letztlich ist die Frage nach dem Grad des eigenen Meinungsbildnertums akademisch, und meine Idealvorstellung sieht so aus: Dass einfach jeder und jede Einzelne sich immer dort, wo potenziell \u00d6ffentlichkeit entsteht \u2013 sei es auf Veranstaltungen oder in sozialen Netzwerken \u2013, so verh\u00e4lt, als h\u00e4tte er bereits die gr\u00f6\u00dftm\u00f6gliche Reichweite und w\u00e4re bereits f\u00fcr sehr viele Menschen ein Wertevorbild.<\/p>\n","protected":false},"excerpt":{"rendered":"<p>Wir leben in sehr spannenden, aber zugleich\u00a0in unruhigen Zeiten \u2013 auch\u00a0was die Kommunikation und Information im Web angeht. #Hatespeech und #Fakenews sind nur zwei Stichworte f\u00fcr Ph\u00e4nomene, die es oft schwermachen, sich in sozialen Netzwerken zurechtzufinden und selbst zu verorten. Nun schreibe und spreche nicht nur ich immer wieder dar\u00fcber, wie es Marken und Pers\u00f6nlichkeiten [&hellip;]<\/p>\n","protected":false},"author":3,"featured_media":17102,"comment_status":"closed","ping_status":"closed","sticky":false,"template":"","format":"standard","meta":{"footnotes":""},"categories":[450],"tags":[1237,1412,1437],"class_list":["post-16836","post","type-post","status-publish","format-standard","has-post-thumbnail","hentry","category-social-media","tag-influencer","tag-personenmarke","tag-social-media"],"yoast_head":"<!-- This site is optimized with the Yoast SEO plugin v26.9 - https:\/\/yoast.com\/product\/yoast-seo-wordpress\/ -->\n<title>Die gro\u00dfe Verantwortung des Meinungsbildners in unruhigen Zeiten! - PR-Doktor<\/title>\n<meta name=\"description\" content=\"Ich finde, wir sollten einmal ausf\u00fchrlicher dar\u00fcber sprechen, welche Verantwortung mit gesteigerter Sichtbarkeit und hoher Glaubw\u00fcrdigkeit einhergeht.\" \/>\n<meta name=\"robots\" content=\"index, follow, max-snippet:-1, max-image-preview:large, max-video-preview:-1\" \/>\n<link rel=\"canonical\" href=\"https:\/\/www.kerstin-hoffmann.de\/pr-doktor\/verantwortung-meinungsbildner-influencer\/\" \/>\n<meta property=\"og:locale\" content=\"de_DE\" \/>\n<meta property=\"og:type\" content=\"article\" \/>\n<meta property=\"og:title\" content=\"Die gro\u00dfe Verantwortung des Meinungsbildners in unruhigen Zeiten! - PR-Doktor\" \/>\n<meta property=\"og:description\" content=\"Ich finde, wir sollten einmal ausf\u00fchrlicher dar\u00fcber sprechen, welche Verantwortung mit gesteigerter Sichtbarkeit und hoher Glaubw\u00fcrdigkeit einhergeht.\" \/>\n<meta property=\"og:url\" content=\"https:\/\/www.kerstin-hoffmann.de\/pr-doktor\/verantwortung-meinungsbildner-influencer\/\" \/>\n<meta property=\"og:site_name\" content=\"PR-Doktor\" \/>\n<meta property=\"article:published_time\" content=\"2017-03-09T11:58:55+00:00\" \/>\n<meta property=\"article:modified_time\" content=\"2022-03-31T15:25:17+00:00\" \/>\n<meta property=\"og:image\" content=\"https:\/\/www.kerstin-hoffmann.de\/pr-doktor\/wp-content\/uploads\/2019\/01\/meinungsbildner-soziale-netzwerke-e1499185482687.jpg\" \/>\n\t<meta property=\"og:image:width\" content=\"840\" \/>\n\t<meta property=\"og:image:height\" content=\"499\" \/>\n\t<meta property=\"og:image:type\" content=\"image\/jpeg\" \/>\n<meta name=\"author\" content=\"Dr. Kerstin Hoffmann\" \/>\n<meta name=\"twitter:card\" content=\"summary_large_image\" \/>\n<meta name=\"twitter:label1\" content=\"Verfasst von\" \/>\n\t<meta name=\"twitter:data1\" content=\"Dr. Kerstin Hoffmann\" \/>\n\t<meta name=\"twitter:label2\" content=\"Gesch\u00e4tzte Lesezeit\" \/>\n\t<meta name=\"twitter:data2\" content=\"7\u00a0Minuten\" \/>\n<script type=\"application\/ld+json\" class=\"yoast-schema-graph\">{\"@context\":\"https:\/\/schema.org\",\"@graph\":[{\"@type\":\"Article\",\"@id\":\"https:\/\/www.kerstin-hoffmann.de\/pr-doktor\/verantwortung-meinungsbildner-influencer\/#article\",\"isPartOf\":{\"@id\":\"https:\/\/www.kerstin-hoffmann.de\/pr-doktor\/verantwortung-meinungsbildner-influencer\/\"},\"author\":{\"name\":\"Dr. Kerstin Hoffmann\",\"@id\":\"https:\/\/www.kerstin-hoffmann.de\/pr-doktor\/#\/schema\/person\/3fd19b0d213c802a9e0f4ab213f8e1be\"},\"headline\":\"Die gro\u00dfe Verantwortung des Meinungsbildners in unruhigen Zeiten!\",\"datePublished\":\"2017-03-09T11:58:55+00:00\",\"dateModified\":\"2022-03-31T15:25:17+00:00\",\"mainEntityOfPage\":{\"@id\":\"https:\/\/www.kerstin-hoffmann.de\/pr-doktor\/verantwortung-meinungsbildner-influencer\/\"},\"wordCount\":1416,\"image\":{\"@id\":\"https:\/\/www.kerstin-hoffmann.de\/pr-doktor\/verantwortung-meinungsbildner-influencer\/#primaryimage\"},\"thumbnailUrl\":\"https:\/\/www.kerstin-hoffmann.de\/pr-doktor\/wp-content\/uploads\/2019\/01\/meinungsbildner-soziale-netzwerke-e1499185482687.jpg\",\"keywords\":[\"Influencer\",\"Personenmarke\",\"Social Media\"],\"articleSection\":[\"Social Media\"],\"inLanguage\":\"de\"},{\"@type\":\"WebPage\",\"@id\":\"https:\/\/www.kerstin-hoffmann.de\/pr-doktor\/verantwortung-meinungsbildner-influencer\/\",\"url\":\"https:\/\/www.kerstin-hoffmann.de\/pr-doktor\/verantwortung-meinungsbildner-influencer\/\",\"name\":\"Die gro\u00dfe Verantwortung des Meinungsbildners in unruhigen Zeiten! - PR-Doktor\",\"isPartOf\":{\"@id\":\"https:\/\/www.kerstin-hoffmann.de\/pr-doktor\/#website\"},\"primaryImageOfPage\":{\"@id\":\"https:\/\/www.kerstin-hoffmann.de\/pr-doktor\/verantwortung-meinungsbildner-influencer\/#primaryimage\"},\"image\":{\"@id\":\"https:\/\/www.kerstin-hoffmann.de\/pr-doktor\/verantwortung-meinungsbildner-influencer\/#primaryimage\"},\"thumbnailUrl\":\"https:\/\/www.kerstin-hoffmann.de\/pr-doktor\/wp-content\/uploads\/2019\/01\/meinungsbildner-soziale-netzwerke-e1499185482687.jpg\",\"datePublished\":\"2017-03-09T11:58:55+00:00\",\"dateModified\":\"2022-03-31T15:25:17+00:00\",\"author\":{\"@id\":\"https:\/\/www.kerstin-hoffmann.de\/pr-doktor\/#\/schema\/person\/3fd19b0d213c802a9e0f4ab213f8e1be\"},\"description\":\"Ich finde, wir sollten einmal ausf\u00fchrlicher dar\u00fcber sprechen, welche Verantwortung mit gesteigerter Sichtbarkeit und hoher Glaubw\u00fcrdigkeit einhergeht.\",\"breadcrumb\":{\"@id\":\"https:\/\/www.kerstin-hoffmann.de\/pr-doktor\/verantwortung-meinungsbildner-influencer\/#breadcrumb\"},\"inLanguage\":\"de\",\"potentialAction\":[{\"@type\":\"ReadAction\",\"target\":[\"https:\/\/www.kerstin-hoffmann.de\/pr-doktor\/verantwortung-meinungsbildner-influencer\/\"]}]},{\"@type\":\"ImageObject\",\"inLanguage\":\"de\",\"@id\":\"https:\/\/www.kerstin-hoffmann.de\/pr-doktor\/verantwortung-meinungsbildner-influencer\/#primaryimage\",\"url\":\"https:\/\/www.kerstin-hoffmann.de\/pr-doktor\/wp-content\/uploads\/2019\/01\/meinungsbildner-soziale-netzwerke-e1499185482687.jpg\",\"contentUrl\":\"https:\/\/www.kerstin-hoffmann.de\/pr-doktor\/wp-content\/uploads\/2019\/01\/meinungsbildner-soziale-netzwerke-e1499185482687.jpg\",\"width\":840,\"height\":499,\"caption\":\"M\u00e4nnchen mit Sprechblase und Symbole f\u00fcr soziale Netzwerke\"},{\"@type\":\"BreadcrumbList\",\"@id\":\"https:\/\/www.kerstin-hoffmann.de\/pr-doktor\/verantwortung-meinungsbildner-influencer\/#breadcrumb\",\"itemListElement\":[{\"@type\":\"ListItem\",\"position\":1,\"name\":\"Start\",\"item\":\"https:\/\/www.kerstin-hoffmann.de\/pr-doktor\/\"},{\"@type\":\"ListItem\",\"position\":2,\"name\":\"Die gro\u00dfe Verantwortung des Meinungsbildners in unruhigen Zeiten!\"}]},{\"@type\":\"WebSite\",\"@id\":\"https:\/\/www.kerstin-hoffmann.de\/pr-doktor\/#website\",\"url\":\"https:\/\/www.kerstin-hoffmann.de\/pr-doktor\/\",\"name\":\"PR-Doktor\",\"description\":\"Magazin f\u00fcr Kommunikation und Marketing\",\"potentialAction\":[{\"@type\":\"SearchAction\",\"target\":{\"@type\":\"EntryPoint\",\"urlTemplate\":\"https:\/\/www.kerstin-hoffmann.de\/pr-doktor\/?s={search_term_string}\"},\"query-input\":{\"@type\":\"PropertyValueSpecification\",\"valueRequired\":true,\"valueName\":\"search_term_string\"}}],\"inLanguage\":\"de\"},{\"@type\":\"Person\",\"@id\":\"https:\/\/www.kerstin-hoffmann.de\/pr-doktor\/#\/schema\/person\/3fd19b0d213c802a9e0f4ab213f8e1be\",\"name\":\"Dr. Kerstin Hoffmann\",\"description\":\"Sch\u00f6n, dass Sie hier mitlesen. Ich bin Kerstin Hoffmann. Seit vielen Jahren berate und begleite ich Unternehmen in ihrer Kommunikationsstrategie und im Content-Marketing. Besonders spezialisiert bin ich zudem auf Corporate-Influencer-Strategien. Ich halte Vortr\u00e4ge und schreibe B\u00fccher. Lange habe ich an der Heinrich-Heine-Universit\u00e4t D\u00fcsseldorf gelehrt, bis heute gebe ich Gastvorlesungen an verschiedenen Hochschulen.\",\"sameAs\":[\"https:\/\/www.kerstin-hoffmann.de\"],\"url\":\"https:\/\/www.kerstin-hoffmann.de\/pr-doktor\/author\/kerstinhoffmann\/\"}]}<\/script>\n<!-- \/ Yoast SEO plugin. -->","yoast_head_json":{"title":"Die gro\u00dfe Verantwortung des Meinungsbildners in unruhigen Zeiten! - PR-Doktor","description":"Ich finde, wir sollten einmal ausf\u00fchrlicher dar\u00fcber sprechen, welche Verantwortung mit gesteigerter Sichtbarkeit und hoher Glaubw\u00fcrdigkeit einhergeht.","robots":{"index":"index","follow":"follow","max-snippet":"max-snippet:-1","max-image-preview":"max-image-preview:large","max-video-preview":"max-video-preview:-1"},"canonical":"https:\/\/www.kerstin-hoffmann.de\/pr-doktor\/verantwortung-meinungsbildner-influencer\/","og_locale":"de_DE","og_type":"article","og_title":"Die gro\u00dfe Verantwortung des Meinungsbildners in unruhigen Zeiten! - PR-Doktor","og_description":"Ich finde, wir sollten einmal ausf\u00fchrlicher dar\u00fcber sprechen, welche Verantwortung mit gesteigerter Sichtbarkeit und hoher Glaubw\u00fcrdigkeit einhergeht.","og_url":"https:\/\/www.kerstin-hoffmann.de\/pr-doktor\/verantwortung-meinungsbildner-influencer\/","og_site_name":"PR-Doktor","article_published_time":"2017-03-09T11:58:55+00:00","article_modified_time":"2022-03-31T15:25:17+00:00","og_image":[{"width":840,"height":499,"url":"https:\/\/www.kerstin-hoffmann.de\/pr-doktor\/wp-content\/uploads\/2019\/01\/meinungsbildner-soziale-netzwerke-e1499185482687.jpg","type":"image\/jpeg"}],"author":"Dr. Kerstin Hoffmann","twitter_card":"summary_large_image","twitter_misc":{"Verfasst von":"Dr. Kerstin Hoffmann","Gesch\u00e4tzte Lesezeit":"7\u00a0Minuten"},"schema":{"@context":"https:\/\/schema.org","@graph":[{"@type":"Article","@id":"https:\/\/www.kerstin-hoffmann.de\/pr-doktor\/verantwortung-meinungsbildner-influencer\/#article","isPartOf":{"@id":"https:\/\/www.kerstin-hoffmann.de\/pr-doktor\/verantwortung-meinungsbildner-influencer\/"},"author":{"name":"Dr. Kerstin Hoffmann","@id":"https:\/\/www.kerstin-hoffmann.de\/pr-doktor\/#\/schema\/person\/3fd19b0d213c802a9e0f4ab213f8e1be"},"headline":"Die gro\u00dfe Verantwortung des Meinungsbildners in unruhigen Zeiten!","datePublished":"2017-03-09T11:58:55+00:00","dateModified":"2022-03-31T15:25:17+00:00","mainEntityOfPage":{"@id":"https:\/\/www.kerstin-hoffmann.de\/pr-doktor\/verantwortung-meinungsbildner-influencer\/"},"wordCount":1416,"image":{"@id":"https:\/\/www.kerstin-hoffmann.de\/pr-doktor\/verantwortung-meinungsbildner-influencer\/#primaryimage"},"thumbnailUrl":"https:\/\/www.kerstin-hoffmann.de\/pr-doktor\/wp-content\/uploads\/2019\/01\/meinungsbildner-soziale-netzwerke-e1499185482687.jpg","keywords":["Influencer","Personenmarke","Social Media"],"articleSection":["Social Media"],"inLanguage":"de"},{"@type":"WebPage","@id":"https:\/\/www.kerstin-hoffmann.de\/pr-doktor\/verantwortung-meinungsbildner-influencer\/","url":"https:\/\/www.kerstin-hoffmann.de\/pr-doktor\/verantwortung-meinungsbildner-influencer\/","name":"Die gro\u00dfe Verantwortung des Meinungsbildners in unruhigen Zeiten! - PR-Doktor","isPartOf":{"@id":"https:\/\/www.kerstin-hoffmann.de\/pr-doktor\/#website"},"primaryImageOfPage":{"@id":"https:\/\/www.kerstin-hoffmann.de\/pr-doktor\/verantwortung-meinungsbildner-influencer\/#primaryimage"},"image":{"@id":"https:\/\/www.kerstin-hoffmann.de\/pr-doktor\/verantwortung-meinungsbildner-influencer\/#primaryimage"},"thumbnailUrl":"https:\/\/www.kerstin-hoffmann.de\/pr-doktor\/wp-content\/uploads\/2019\/01\/meinungsbildner-soziale-netzwerke-e1499185482687.jpg","datePublished":"2017-03-09T11:58:55+00:00","dateModified":"2022-03-31T15:25:17+00:00","author":{"@id":"https:\/\/www.kerstin-hoffmann.de\/pr-doktor\/#\/schema\/person\/3fd19b0d213c802a9e0f4ab213f8e1be"},"description":"Ich finde, wir sollten einmal ausf\u00fchrlicher dar\u00fcber sprechen, welche Verantwortung mit gesteigerter Sichtbarkeit und hoher Glaubw\u00fcrdigkeit einhergeht.","breadcrumb":{"@id":"https:\/\/www.kerstin-hoffmann.de\/pr-doktor\/verantwortung-meinungsbildner-influencer\/#breadcrumb"},"inLanguage":"de","potentialAction":[{"@type":"ReadAction","target":["https:\/\/www.kerstin-hoffmann.de\/pr-doktor\/verantwortung-meinungsbildner-influencer\/"]}]},{"@type":"ImageObject","inLanguage":"de","@id":"https:\/\/www.kerstin-hoffmann.de\/pr-doktor\/verantwortung-meinungsbildner-influencer\/#primaryimage","url":"https:\/\/www.kerstin-hoffmann.de\/pr-doktor\/wp-content\/uploads\/2019\/01\/meinungsbildner-soziale-netzwerke-e1499185482687.jpg","contentUrl":"https:\/\/www.kerstin-hoffmann.de\/pr-doktor\/wp-content\/uploads\/2019\/01\/meinungsbildner-soziale-netzwerke-e1499185482687.jpg","width":840,"height":499,"caption":"M\u00e4nnchen mit Sprechblase und Symbole f\u00fcr soziale Netzwerke"},{"@type":"BreadcrumbList","@id":"https:\/\/www.kerstin-hoffmann.de\/pr-doktor\/verantwortung-meinungsbildner-influencer\/#breadcrumb","itemListElement":[{"@type":"ListItem","position":1,"name":"Start","item":"https:\/\/www.kerstin-hoffmann.de\/pr-doktor\/"},{"@type":"ListItem","position":2,"name":"Die gro\u00dfe Verantwortung des Meinungsbildners in unruhigen Zeiten!"}]},{"@type":"WebSite","@id":"https:\/\/www.kerstin-hoffmann.de\/pr-doktor\/#website","url":"https:\/\/www.kerstin-hoffmann.de\/pr-doktor\/","name":"PR-Doktor","description":"Magazin f\u00fcr Kommunikation und Marketing","potentialAction":[{"@type":"SearchAction","target":{"@type":"EntryPoint","urlTemplate":"https:\/\/www.kerstin-hoffmann.de\/pr-doktor\/?s={search_term_string}"},"query-input":{"@type":"PropertyValueSpecification","valueRequired":true,"valueName":"search_term_string"}}],"inLanguage":"de"},{"@type":"Person","@id":"https:\/\/www.kerstin-hoffmann.de\/pr-doktor\/#\/schema\/person\/3fd19b0d213c802a9e0f4ab213f8e1be","name":"Dr. Kerstin Hoffmann","description":"Sch\u00f6n, dass Sie hier mitlesen. Ich bin Kerstin Hoffmann. Seit vielen Jahren berate und begleite ich Unternehmen in ihrer Kommunikationsstrategie und im Content-Marketing. Besonders spezialisiert bin ich zudem auf Corporate-Influencer-Strategien. Ich halte Vortr\u00e4ge und schreibe B\u00fccher. Lange habe ich an der Heinrich-Heine-Universit\u00e4t D\u00fcsseldorf gelehrt, bis heute gebe ich Gastvorlesungen an verschiedenen Hochschulen.","sameAs":["https:\/\/www.kerstin-hoffmann.de"],"url":"https:\/\/www.kerstin-hoffmann.de\/pr-doktor\/author\/kerstinhoffmann\/"}]}},"_links":{"self":[{"href":"https:\/\/www.kerstin-hoffmann.de\/pr-doktor\/wp-json\/wp\/v2\/posts\/16836","targetHints":{"allow":["GET"]}}],"collection":[{"href":"https:\/\/www.kerstin-hoffmann.de\/pr-doktor\/wp-json\/wp\/v2\/posts"}],"about":[{"href":"https:\/\/www.kerstin-hoffmann.de\/pr-doktor\/wp-json\/wp\/v2\/types\/post"}],"author":[{"embeddable":true,"href":"https:\/\/www.kerstin-hoffmann.de\/pr-doktor\/wp-json\/wp\/v2\/users\/3"}],"replies":[{"embeddable":true,"href":"https:\/\/www.kerstin-hoffmann.de\/pr-doktor\/wp-json\/wp\/v2\/comments?post=16836"}],"version-history":[{"count":0,"href":"https:\/\/www.kerstin-hoffmann.de\/pr-doktor\/wp-json\/wp\/v2\/posts\/16836\/revisions"}],"wp:featuredmedia":[{"embeddable":true,"href":"https:\/\/www.kerstin-hoffmann.de\/pr-doktor\/wp-json\/wp\/v2\/media\/17102"}],"wp:attachment":[{"href":"https:\/\/www.kerstin-hoffmann.de\/pr-doktor\/wp-json\/wp\/v2\/media?parent=16836"}],"wp:term":[{"taxonomy":"category","embeddable":true,"href":"https:\/\/www.kerstin-hoffmann.de\/pr-doktor\/wp-json\/wp\/v2\/categories?post=16836"},{"taxonomy":"post_tag","embeddable":true,"href":"https:\/\/www.kerstin-hoffmann.de\/pr-doktor\/wp-json\/wp\/v2\/tags?post=16836"}],"curies":[{"name":"wp","href":"https:\/\/api.w.org\/{rel}","templated":true}]}}