{"id":16442,"date":"2016-10-04T16:27:22","date_gmt":"2016-10-04T14:27:22","guid":{"rendered":"https:\/\/www.kerstin-hoffmann.de\/pr-doktor\/?p=16442"},"modified":"2022-03-31T17:25:17","modified_gmt":"2022-03-31T15:25:17","slug":"ich-schmeiss-alles-hin-und-melde-mich-bei-facebook-ab","status":"publish","type":"post","link":"https:\/\/www.kerstin-hoffmann.de\/pr-doktor\/ich-schmeiss-alles-hin-und-melde-mich-bei-facebook-ab\/","title":{"rendered":"&#8222;Ich schmei\u00df&#8216; alles hin und melde mich bei Facebook ab!&#8220;"},"content":{"rendered":"<h3>Typische Phasen in der Social-Media-Kommunikation \u2013 und sechs hei\u00dfe Tipps zum professionellen Umgang mit dem gro\u00dfen Frust<\/h3>\n<div id=\"attachment_16445\" style=\"width: 521px\" class=\"wp-caption aligncenter\"><img loading=\"lazy\" decoding=\"async\" aria-describedby=\"caption-attachment-16445\" class=\"wp-image-16445 size-full\" src=\"https:\/\/www.kerstin-hoffmann.de\/pr-doktor\/wp-content\/uploads\/2016\/10\/abmelden.jpeg\" alt=\"Blauer Abmelde-Button und Mauszeiger. \" width=\"511\" height=\"297\" srcset=\"https:\/\/www.kerstin-hoffmann.de\/pr-doktor\/wp-content\/uploads\/2016\/10\/abmelden.jpeg 511w, https:\/\/www.kerstin-hoffmann.de\/pr-doktor\/wp-content\/uploads\/2016\/10\/abmelden-300x174.jpeg 300w, https:\/\/www.kerstin-hoffmann.de\/pr-doktor\/wp-content\/uploads\/2016\/10\/abmelden-250x145.jpeg 250w, https:\/\/www.kerstin-hoffmann.de\/pr-doktor\/wp-content\/uploads\/2016\/10\/abmelden-150x87.jpeg 150w\" sizes=\"auto, (max-width: 511px) 100vw, 511px\" \/><p id=\"caption-attachment-16445\" class=\"wp-caption-text\">Abmelden \u2013 oder bleiben? So einfach ist die Antwort nicht, wenn es sich um professionelle Kommunikation handelt. In diesem Artikel biete ich verschiedene Betrachtungsweisen und L\u00f6sungsm\u00f6glichkeiten an.<\/p><\/div>\n<p>&#8222;Ich bin hier erstmal weg. Mir wird das alles zuviel!&#8220; &#8222;Ich melde mich bei Facebook ab!&#8220; &#8222;Tsch\u00fc\u00df, Freunde! Mein Facebook-Account ist Geschichte!&#8220; \u2013 Mindestens einmal in der Woche verk\u00fcndet einer meiner Facebook-Freunde den pers\u00f6nlichen Abgang aus dem sozialen Netzwerk, oft mit gro\u00dfer Geste, zuweilen auch mit drastischen Worten. Noch viel mehr von ihnen denken, wie ich aus Gespr\u00e4chen wei\u00df, dar\u00fcber nach. Manche der &#8222;Abgewanderten&#8220; kehren nach einiger Zeit zur\u00fcck. Andere bleiben auf Dauer vom Schirm der digitalen Wahrnehmung verschwunden. Die Gr\u00fcnde f\u00fcr die R\u00fcckkehr sind wohl ebenso individuell wie die Motivation wieder aufzutauchen.<\/p>\n<h3>Nicht nur Facebook: Soziale Netzwerke sind\u00a0manchmal verf\u00fchrerisch <em>und<\/em> belastend<\/h3>\n<p>Soziale Netzwerke sind ebenso verf\u00fchrerisch wie manchmal belastend. Es\u00a0gilt nat\u00fcrlich nicht nur f\u00fcr Facebook, sondern ebenso f\u00fcr andere Angebote und Plattformen: St\u00e4ndige Unterhaltung, interessante Inhalte, Informationsvorsprung, hohe Sichtbarkeit, aber auch das Gef\u00fchl, mit anderen in Verbindung zu sein, das sind nur einige der Vorteile, die der Austausch im Web liefert.<\/p>\n<p>Geradezu magisch anziehend ist das Symbol auf der jeweiligen Website oder auf der Smartphone-App, das uns signalisiert, dass schon wieder jemand mit unseren eigenen Botschaften interagiert hat. Immer neue Bildwelten, Inhalte, Meinungen offenbaren sich beim Scrollen; und schon wieder ist mehr Zeit vergangen, als eigentlich geplant &#8230; \u2013 Nun will ich hier aber keine Abhandlung \u00fcber den digitalen Burnout verfassen, sondern das Thema aus der Sicht der professionellen Kommunikation betrachten.<\/p>\n<div id=\"attachment_16448\" style=\"width: 364px\" class=\"wp-caption aligncenter\"><img loading=\"lazy\" decoding=\"async\" aria-describedby=\"caption-attachment-16448\" class=\"wp-image-16448 size-full\" src=\"https:\/\/www.kerstin-hoffmann.de\/pr-doktor\/wp-content\/uploads\/2016\/10\/facebook-Weltkugel.png\" alt=\"facebook-weltkugel\" width=\"354\" height=\"120\" srcset=\"https:\/\/www.kerstin-hoffmann.de\/pr-doktor\/wp-content\/uploads\/2016\/10\/facebook-Weltkugel.png 354w, https:\/\/www.kerstin-hoffmann.de\/pr-doktor\/wp-content\/uploads\/2016\/10\/facebook-Weltkugel-300x102.png 300w, https:\/\/www.kerstin-hoffmann.de\/pr-doktor\/wp-content\/uploads\/2016\/10\/facebook-Weltkugel-250x85.png 250w, https:\/\/www.kerstin-hoffmann.de\/pr-doktor\/wp-content\/uploads\/2016\/10\/facebook-Weltkugel-150x51.png 150w\" sizes=\"auto, (max-width: 354px) 100vw, 354px\" \/><p id=\"caption-attachment-16448\" class=\"wp-caption-text\">Schwer zu ignorieren, nicht nur auf Facebook: das Zeichen, dass jemand mit den eigenen Inhalten interagiert hat.<\/p><\/div>\n<p>Facebook ist in der professionellen Kommunikation, auch und gerade f\u00fcr Personenmarken, momentan nahezu unverzichtbar \u2013 oder zumindest eines der wertvollsten sozialen Netzwerke. Andererseits ist es eben nicht nur aus professionellen Erw\u00e4gungen heraus auch sehr verf\u00fchrerisch, hier l\u00e4nger zu verweilen und auch zahlreichen privaten Neigungen nachzugehen. Hinzu kommt: Wer sich nicht pers\u00f6nlich engagiert, an Gespr\u00e4chen teilnimmt und auch einmal abseits von Sachfragen postet, kommentiert und diskutiert, wird f\u00fcr alle anderen zweidimensional bleiben. Echte Beziehungen \u2013 und damit Sichtbarkeit und Relevanz \u2013 baut nur derjenige auf, der auch emotionell erreichbar ist und direkt\u00a0mit anderen interagiert. Wer einfach nur gelegentliche eigene Botschaften und Links in das Statusfeld sch\u00fcttet, wird allein schon vom Algorithmus als irrelevant aussortiert.<\/p>\n<h3>Professionelle Kommunikation braucht heute Social Media<\/h3>\n<p>Man kann meiner Ansicht nach auch im Firmenauftrag, etwa des eigenen Arbeitgebers, keine professionelle Social-Media-Kommunikation betreiben, wenn man nicht \u00fcber eigene pers\u00f6nliche Erfahrungen in sozialen Netzwerken verf\u00fcgt. Bei Einzelunternehmern und Pers\u00f6nlichkeiten sind die professionelle und die individuelle\u00a0Kommunikation oft noch enger verkn\u00fcpft.<\/p>\n<p>Nun habe ich in den vergangenen Monaten etliche Personenmarken ins Social Web begleitet, die bisher vor allem Facebook gegen\u00fcber sehr skeptisch eingestellt waren. Sind die anf\u00e4nglichen Vorbehalte einmal \u00fcberwunden und ist die sachliche Erkenntnis, dass Facebook wohl ein sinnvolles Kommunikationsinstrument darstellt, mit eigenem Erleben angereichert, stellt sich bei vielen sogar Begeisterung ein.\u00a0Es erschlie\u00dfen sich im Digitalen v\u00f6llig neue M\u00f6glichkeiten. Resonanz und Sichtbarkeit steigen. Einerseits erfahren die Betreffenden pl\u00f6tzlich viel mehr Feedback, das, wenn sie es richtig machen, oft erfreulich positiv ausf\u00e4llt. Zum anderen gewinnen sie pl\u00f6tzlich Zugang zu unendlich vielen interessanten Inhalten. Das f\u00fchrt oft dazu, dass mehr als die urspr\u00fcnglich veranschlagte Zeit aufgewendet wird. Schnell sind beim Scrollen durch Facebook ein paar Stunden verschwunden wie nichts, die man eigentlich anders einsetzen wollte.<\/p>\n<p>Irgendwann ist man gef\u00fchlt &#8222;always on&#8220;, und dabei ist ja Facebook nur einer von vielen Kan\u00e4len, \u00fcber den Neuigkeiten hereinkommen: Messenger wie WhatsApp, News-Portale und nicht zuletzt E-Mail fordern schlie\u00dflich\u00a0ebenfalls Aufmerksamkeit.<\/p>\n<h3>Von der Social-Media-Euphorie zum Social-Media-Frust?<\/h3>\n<p>Doch ist es vor allem wohl die eigene emotionale Involviertheit, die irgendwann in \u00dcberdruss umschlagen kann. Dies geschieht erst recht dann, wenn pl\u00f6tzlich Unangenehmes am blauen Horizont dr\u00e4ut: b\u00f6se\u00a0Kommentare, politisch Andersgesinnte, unsachliche Kritik oder gar Beleidigungen und Streit. Dann setzt nicht selten eine Trotzreaktion ein, und der oder die Betreffende vergisst jegliche professionelle Distanz, mit der er oder sie einmal angetreten ist.<\/p>\n<p>Wer sich nur privat in sozialen Netzwerken austauscht, warum auch immer, hat zumindest scheinbar die Wahl, jederzeit damit aufzuh\u00f6ren. Tats\u00e4chlich ist ja aber das Digitale nicht abgetrennt von der Realit\u00e4t zu betrachten, sondern stellt eine Ausweitung der Realit\u00e4t und eine Fortsetzung der Beziehungen dar. So wird selbst der Privatmensch, der sich scheinbar nur digital zur\u00fcckzieht, nach einer Weile merken, dass ihm wichtige soziale Informationen fehlen, und sich wom\u00f6glich abgeschnitten f\u00fchlen.<\/p>\n<p>Nun sind nat\u00fcrlich soziale Netzwerke nicht die einzige\u00a0Art, Beziehungen zu pflegen. Aber sie erleichtern dies und erweitern die M\u00f6glichkeiten; zumal dann, wenn das gesamte Umfeld hier unterwegs ist. Daher kann ein vorschneller Abgang aus dem eigenen Umfeld sch\u00e4dlich sein.<\/p>\n<p>So\u00a0zerst\u00f6rt derjenige, der \u00fcber den Austausch in\u00a0sozialen Netzwerken auch berufliche Sichtbarkeit und Relevanz erreicht hat sowie dar\u00fcber Beziehungen pflegt, vielleicht regelrechte Werte. \u00a0Denn Social-Media-Accounts, in die man Zeit und Aufmerksamkeit investiert hat, stellen Werte dar.\u00a0Der Blogger, der nicht mehr auf Facebook ist, kann nicht mehr auf neue Artikel aufmerksam machen. Der Veranstalter kann nicht mehr zu Events einladen. Doch es geht nicht allein um solches &#8222;Aussenden&#8220;, sondern viel mehr noch darum, in Gespr\u00e4chen und Austausch pr\u00e4sent zu sein. Wer keine eigene Stimme hat, kann nicht an Gespr\u00e4chen teilnehmen. Wer nicht dort pr\u00e4sent ist, wo gesprochen wird, erf\u00e4hrt nichts dar\u00fcber oder wird sogar vergessen.<\/p>\n<h3>Frust im Rahmen halten, Freude zur\u00fcckgewinnen: Wie geht das?<\/h3>\n<p><strong>Wenn also aus professioneller Sicht Klarheit dar\u00fcber herrscht, dass eine pers\u00f6nliche Pr\u00e4senz in sozialen Netzwerken sinnvoll oder sogar unvermeidlich ist: Wie gelingt es, den eigenen Frust zu \u00fcberwinden, zumindest im Rahmen zu halten\u00a0und auf l\u00e4ngere Sicht die Freude am digitalen Austausch zur\u00fcckzugewinnen?\u00a0Hier sind sechs\u00a0Tipps gegen die\u00a0gro\u00dfe Social-Media-M\u00fcdigkeit:<\/strong><\/p>\n<h3>1. Konzept und Strategie sauber aufsetzen<\/h3>\n<p>Professionelle Kommunikation ist professionelle Kommunikation. Wer als Person oder gar Personenmarke hier eingebunden ist, der braucht daf\u00fcr von Anfang an eine eigene Strategie, die aber an das Gesamt-Kommunikationskonzept angeschlossen ist. Dazu geh\u00f6ren auch Krisen-Szenarien und die M\u00f6glichkeiten der Unterst\u00fctzung durch andere. F\u00fcr jeden Menschen sieht die eigene Social-Media-Strategie v\u00f6llig anders aus als f\u00fcr jeden anderen. Das gilt auch in der professionellen Kommunikation.<\/p>\n<h3>2. Zeit budgetieren<\/h3>\n<p>Auch wenn die anf\u00e4ngliche Begeisterung und Spielfreude nicht gleich gebremst werden sollten: Vor allem in Zeiten gr\u00f6\u00dferer Belastung und erst recht\u00a0dann, wenn sich Frust breitmacht, hilft es, sich die eigenen Social-Media-Zeiten einzuteilen \u2013 nach Uhrzeit oder nach Dauer. Das f\u00fchrt dazu, dass man sich einerseits nicht hinrei\u00dfen l\u00e4sst, zu viel Zeit zu &#8222;verballern&#8220;. Zum anderen wird so in Phasen der Zur\u00fcckgezogenheit zumindest ein Grundrauschen aufrecht erhalten.\u00a0Wie so etwas aussieht, muss man individuell festlegen. Ich habe die Erfahrung gemacht, dass f\u00fcr viele Menschen eine Beschr\u00e4nkung auf zehn oder 15 Minuten am Tag f\u00fcr einen definierten Zeitraum sehr heilsam und entspannend sein kann.<\/p>\n<h3>3. Auszeiten g\u00f6nnen<\/h3>\n<p>Ob es regelm\u00e4\u00dfig das Wochenende ist oder ein l\u00e4ngerer Urlaub: Niemand muss immer in sozialen Netzwerken pr\u00e4sent sein. Pausen, auch l\u00e4ngere, sind v\u00f6llig okay. Dabei ist es Ihren eigenen Vorlieben \u00fcberlassen, wie Sie das regeln. Lassen Sie sich von anderen auch umgekehrt nichts einreden. Mancher braucht den Offline-Urlaub; der andere kann sich auch mit Internet-Zugang gut erholen. Auch ein- und dieselbe Person wird es einmal so und einmal so empfinden.<\/p>\n<h3>4. Innehalten und Ursachen erkennen<\/h3>\n<p>Sp\u00e4testens wenn Sie den gro\u00dfen Social-Media-Frust erleben \u2013 oder erste Anfl\u00fcge davon \u2013, ist es Zeit, einmal in sich zu gehen: Woran liegt es, dass ich mich so f\u00fchle? Wo habe ich vielleicht meine eigenen Grenzen \u00fcberschritten? Und: Warum und wie war ich eigentlich einmal angetreten? Bin ich noch auf meiner selbstgew\u00e4hlten Linie?<\/p>\n<h3>5. Mut zu eigenen Entscheidungen haben<\/h3>\n<p>In der professionellen Kommunikation kann nicht jeder einfach alles tun oder sagen, was er will. Aber man muss sich auch umgekehrt nicht alles gefallen lassen \u2013 und schon gar nicht von jedem. Es ist m\u00f6glich, die Form zu wahren und sich dennoch abzugrenzen. So wie Sie im sonstigen\u00a0Berufsleben ja (hoffentlich) auch nicht auf Dauer in Situationen verharren, die Ihnen nicht gut tun, so sollten Sie auch in der digitalen Welt daran arbeiten, sich ein wertsch\u00e4tzendes Umfeld zu schaffen. Es versteht sich wohl von selbst, dass dazu auch Wertsch\u00e4tzung Ihrerseits f\u00fcr andere geh\u00f6rt.<\/p>\n<h3>6. Erst denken, dann posten<\/h3>\n<p>Ehe Sie in einem Moment der Frustration mit gro\u00dfen T\u00f6nen den eigenen Abgang f\u00fcr immer verk\u00fcnden, sollten Sie vielleicht noch ein- oder besser mehrmals tief durchatmen. Vielleicht hilft es, erstmal etwas Abstand zu gewinnen; oder sich selbst nicht so wichtig zu nehmen. Oder eine Pause einzulegen, ohne davon gro\u00df etwas herzumachen.<\/p>\n<p><strong>Sollte es Ihnen aber doch einmal passiert sein, dass Sie mit gro\u00dfer Geste den ganz gro\u00dfen Exit vollzogen haben und dann nach einer Weile wieder zur\u00fcckkehren wollen: Dann erweisen sich die Qualit\u00e4t Ihres Netzwerks und Ihrer Beziehungen. Das Netz vergisst oft schnell und, wenn nicht, verzeiht es zumindest \u00f6fter als gedacht. Gutm\u00fctigen Spott muss man allerdings schon mal aushalten. Wenn Sie nicht gerade gleich mehrere &#8222;Freunde&#8220; pers\u00f6nlich beleidigt haben, wird man Sie wahrscheinlich\u00a0sogar freudig willkommen hei\u00dfen!\u00a0<\/strong><strong>Viel Spa\u00df bei der n\u00e4chsten Runde! ;-)<\/strong><\/p>\n<p><a href=\"https:\/\/www.kerstin-hoffmann.de\/pr-doktor\/2017\/02\/15\/neuer-grosser-social-media-check-erfolg\/\">Auch hilfreich f\u00fcr die Facebook-Strategie: Der neue gro\u00dfe Social-Media-Check<\/a><\/p>\n","protected":false},"excerpt":{"rendered":"<p>Typische Phasen in der Social-Media-Kommunikation \u2013 und sechs hei\u00dfe Tipps zum professionellen Umgang mit dem gro\u00dfen Frust |\u00a0\u201eIch bin hier erstmal weg. Mir wird das alles zuviel!\u201c \u201eIch melde mich bei Facebook ab!\u201c \u201eTsch\u00fc\u00df, Freunde! Mein Facebook-Account ist Geschichte!\u201c \u2013 Mindestens einmal in der Woche verk\u00fcndet einer meiner Facebook-Freunde den pers\u00f6nlichen Abgang aus dem sozialen Netzwerk, oft\u2026<\/p>\n","protected":false},"author":3,"featured_media":16445,"comment_status":"closed","ping_status":"closed","sticky":false,"template":"","format":"standard","meta":{"footnotes":""},"categories":[1279,450],"tags":[1342,1437],"class_list":["post-16442","post","type-post","status-publish","format-standard","has-post-thumbnail","hentry","category-contentstrategie","category-social-media","tag-personal-branding","tag-social-media"],"yoast_head":"<!-- This site is optimized with the Yoast SEO plugin v26.9 - https:\/\/yoast.com\/product\/yoast-seo-wordpress\/ -->\n<title>&quot;Ich schmei\u00df&#039; alles hin und melde mich bei Facebook ab!&quot; - PR-Doktor<\/title>\n<meta name=\"description\" content=\"Typische Phasen in der Social-Media-Kommunikation \u2013 und sechs hei\u00dfe Tipps zum professionellen Umgang mit dem gro\u00dfen Frust und \u00dcberdruss\" \/>\n<meta name=\"robots\" content=\"index, follow, max-snippet:-1, max-image-preview:large, max-video-preview:-1\" \/>\n<link rel=\"canonical\" href=\"https:\/\/www.kerstin-hoffmann.de\/pr-doktor\/ich-schmeiss-alles-hin-und-melde-mich-bei-facebook-ab\/\" \/>\n<meta property=\"og:locale\" content=\"de_DE\" \/>\n<meta property=\"og:type\" content=\"article\" \/>\n<meta property=\"og:title\" content=\"&quot;Ich schmei\u00df&#039; alles hin und melde mich bei Facebook ab!&quot; - PR-Doktor\" \/>\n<meta property=\"og:description\" content=\"Typische Phasen in der Social-Media-Kommunikation \u2013 und sechs hei\u00dfe Tipps zum professionellen Umgang mit dem gro\u00dfen Frust und \u00dcberdruss\" \/>\n<meta property=\"og:url\" content=\"https:\/\/www.kerstin-hoffmann.de\/pr-doktor\/ich-schmeiss-alles-hin-und-melde-mich-bei-facebook-ab\/\" \/>\n<meta property=\"og:site_name\" content=\"PR-Doktor\" \/>\n<meta property=\"article:published_time\" content=\"2016-10-04T14:27:22+00:00\" \/>\n<meta property=\"article:modified_time\" content=\"2022-03-31T15:25:17+00:00\" \/>\n<meta property=\"og:image\" content=\"https:\/\/www.kerstin-hoffmann.de\/pr-doktor\/wp-content\/uploads\/2016\/10\/abmelden.jpeg\" \/>\n\t<meta property=\"og:image:width\" content=\"511\" \/>\n\t<meta property=\"og:image:height\" content=\"297\" \/>\n\t<meta property=\"og:image:type\" content=\"image\/jpeg\" \/>\n<meta name=\"author\" content=\"Dr. Kerstin Hoffmann\" \/>\n<meta name=\"twitter:card\" content=\"summary_large_image\" \/>\n<meta name=\"twitter:label1\" content=\"Verfasst von\" \/>\n\t<meta name=\"twitter:data1\" content=\"Dr. Kerstin Hoffmann\" \/>\n\t<meta name=\"twitter:label2\" content=\"Gesch\u00e4tzte Lesezeit\" \/>\n\t<meta name=\"twitter:data2\" content=\"8\u00a0Minuten\" \/>\n<script type=\"application\/ld+json\" class=\"yoast-schema-graph\">{\"@context\":\"https:\/\/schema.org\",\"@graph\":[{\"@type\":\"Article\",\"@id\":\"https:\/\/www.kerstin-hoffmann.de\/pr-doktor\/ich-schmeiss-alles-hin-und-melde-mich-bei-facebook-ab\/#article\",\"isPartOf\":{\"@id\":\"https:\/\/www.kerstin-hoffmann.de\/pr-doktor\/ich-schmeiss-alles-hin-und-melde-mich-bei-facebook-ab\/\"},\"author\":{\"name\":\"Dr. Kerstin Hoffmann\",\"@id\":\"https:\/\/www.kerstin-hoffmann.de\/pr-doktor\/#\/schema\/person\/3fd19b0d213c802a9e0f4ab213f8e1be\"},\"headline\":\"&#8222;Ich schmei\u00df&#8216; alles hin und melde mich bei Facebook ab!&#8220;\",\"datePublished\":\"2016-10-04T14:27:22+00:00\",\"dateModified\":\"2022-03-31T15:25:17+00:00\",\"mainEntityOfPage\":{\"@id\":\"https:\/\/www.kerstin-hoffmann.de\/pr-doktor\/ich-schmeiss-alles-hin-und-melde-mich-bei-facebook-ab\/\"},\"wordCount\":1625,\"image\":{\"@id\":\"https:\/\/www.kerstin-hoffmann.de\/pr-doktor\/ich-schmeiss-alles-hin-und-melde-mich-bei-facebook-ab\/#primaryimage\"},\"thumbnailUrl\":\"https:\/\/www.kerstin-hoffmann.de\/pr-doktor\/wp-content\/uploads\/2016\/10\/abmelden.jpeg\",\"keywords\":[\"Personal Branding\",\"Social Media\"],\"articleSection\":[\"Contentstrategie &amp; Content-Marketing\",\"Social Media\"],\"inLanguage\":\"de\"},{\"@type\":\"WebPage\",\"@id\":\"https:\/\/www.kerstin-hoffmann.de\/pr-doktor\/ich-schmeiss-alles-hin-und-melde-mich-bei-facebook-ab\/\",\"url\":\"https:\/\/www.kerstin-hoffmann.de\/pr-doktor\/ich-schmeiss-alles-hin-und-melde-mich-bei-facebook-ab\/\",\"name\":\"\\\"Ich schmei\u00df' alles hin und melde mich bei Facebook ab!\\\" - PR-Doktor\",\"isPartOf\":{\"@id\":\"https:\/\/www.kerstin-hoffmann.de\/pr-doktor\/#website\"},\"primaryImageOfPage\":{\"@id\":\"https:\/\/www.kerstin-hoffmann.de\/pr-doktor\/ich-schmeiss-alles-hin-und-melde-mich-bei-facebook-ab\/#primaryimage\"},\"image\":{\"@id\":\"https:\/\/www.kerstin-hoffmann.de\/pr-doktor\/ich-schmeiss-alles-hin-und-melde-mich-bei-facebook-ab\/#primaryimage\"},\"thumbnailUrl\":\"https:\/\/www.kerstin-hoffmann.de\/pr-doktor\/wp-content\/uploads\/2016\/10\/abmelden.jpeg\",\"datePublished\":\"2016-10-04T14:27:22+00:00\",\"dateModified\":\"2022-03-31T15:25:17+00:00\",\"author\":{\"@id\":\"https:\/\/www.kerstin-hoffmann.de\/pr-doktor\/#\/schema\/person\/3fd19b0d213c802a9e0f4ab213f8e1be\"},\"description\":\"Typische Phasen in der Social-Media-Kommunikation \u2013 und sechs hei\u00dfe Tipps zum professionellen Umgang mit dem gro\u00dfen Frust und \u00dcberdruss\",\"breadcrumb\":{\"@id\":\"https:\/\/www.kerstin-hoffmann.de\/pr-doktor\/ich-schmeiss-alles-hin-und-melde-mich-bei-facebook-ab\/#breadcrumb\"},\"inLanguage\":\"de\",\"potentialAction\":[{\"@type\":\"ReadAction\",\"target\":[\"https:\/\/www.kerstin-hoffmann.de\/pr-doktor\/ich-schmeiss-alles-hin-und-melde-mich-bei-facebook-ab\/\"]}]},{\"@type\":\"ImageObject\",\"inLanguage\":\"de\",\"@id\":\"https:\/\/www.kerstin-hoffmann.de\/pr-doktor\/ich-schmeiss-alles-hin-und-melde-mich-bei-facebook-ab\/#primaryimage\",\"url\":\"https:\/\/www.kerstin-hoffmann.de\/pr-doktor\/wp-content\/uploads\/2016\/10\/abmelden.jpeg\",\"contentUrl\":\"https:\/\/www.kerstin-hoffmann.de\/pr-doktor\/wp-content\/uploads\/2016\/10\/abmelden.jpeg\",\"width\":511,\"height\":297},{\"@type\":\"BreadcrumbList\",\"@id\":\"https:\/\/www.kerstin-hoffmann.de\/pr-doktor\/ich-schmeiss-alles-hin-und-melde-mich-bei-facebook-ab\/#breadcrumb\",\"itemListElement\":[{\"@type\":\"ListItem\",\"position\":1,\"name\":\"Start\",\"item\":\"https:\/\/www.kerstin-hoffmann.de\/pr-doktor\/\"},{\"@type\":\"ListItem\",\"position\":2,\"name\":\"&#8222;Ich schmei\u00df&#8216; alles hin und melde mich bei Facebook ab!&#8220;\"}]},{\"@type\":\"WebSite\",\"@id\":\"https:\/\/www.kerstin-hoffmann.de\/pr-doktor\/#website\",\"url\":\"https:\/\/www.kerstin-hoffmann.de\/pr-doktor\/\",\"name\":\"PR-Doktor\",\"description\":\"Magazin f\u00fcr Kommunikation und Marketing\",\"potentialAction\":[{\"@type\":\"SearchAction\",\"target\":{\"@type\":\"EntryPoint\",\"urlTemplate\":\"https:\/\/www.kerstin-hoffmann.de\/pr-doktor\/?s={search_term_string}\"},\"query-input\":{\"@type\":\"PropertyValueSpecification\",\"valueRequired\":true,\"valueName\":\"search_term_string\"}}],\"inLanguage\":\"de\"},{\"@type\":\"Person\",\"@id\":\"https:\/\/www.kerstin-hoffmann.de\/pr-doktor\/#\/schema\/person\/3fd19b0d213c802a9e0f4ab213f8e1be\",\"name\":\"Dr. Kerstin Hoffmann\",\"description\":\"Sch\u00f6n, dass Sie hier mitlesen. Ich bin Kerstin Hoffmann. Seit vielen Jahren berate und begleite ich Unternehmen in ihrer Kommunikationsstrategie und im Content-Marketing. Besonders spezialisiert bin ich zudem auf Corporate-Influencer-Strategien. Ich halte Vortr\u00e4ge und schreibe B\u00fccher. Lange habe ich an der Heinrich-Heine-Universit\u00e4t D\u00fcsseldorf gelehrt, bis heute gebe ich Gastvorlesungen an verschiedenen Hochschulen.\",\"sameAs\":[\"https:\/\/www.kerstin-hoffmann.de\"],\"url\":\"https:\/\/www.kerstin-hoffmann.de\/pr-doktor\/author\/kerstinhoffmann\/\"}]}<\/script>\n<!-- \/ Yoast SEO plugin. -->","yoast_head_json":{"title":"\"Ich schmei\u00df' alles hin und melde mich bei Facebook ab!\" - PR-Doktor","description":"Typische Phasen in der Social-Media-Kommunikation \u2013 und sechs hei\u00dfe Tipps zum professionellen Umgang mit dem gro\u00dfen Frust und \u00dcberdruss","robots":{"index":"index","follow":"follow","max-snippet":"max-snippet:-1","max-image-preview":"max-image-preview:large","max-video-preview":"max-video-preview:-1"},"canonical":"https:\/\/www.kerstin-hoffmann.de\/pr-doktor\/ich-schmeiss-alles-hin-und-melde-mich-bei-facebook-ab\/","og_locale":"de_DE","og_type":"article","og_title":"\"Ich schmei\u00df' alles hin und melde mich bei Facebook ab!\" - PR-Doktor","og_description":"Typische Phasen in der Social-Media-Kommunikation \u2013 und sechs hei\u00dfe Tipps zum professionellen Umgang mit dem gro\u00dfen Frust und \u00dcberdruss","og_url":"https:\/\/www.kerstin-hoffmann.de\/pr-doktor\/ich-schmeiss-alles-hin-und-melde-mich-bei-facebook-ab\/","og_site_name":"PR-Doktor","article_published_time":"2016-10-04T14:27:22+00:00","article_modified_time":"2022-03-31T15:25:17+00:00","og_image":[{"width":511,"height":297,"url":"https:\/\/www.kerstin-hoffmann.de\/pr-doktor\/wp-content\/uploads\/2016\/10\/abmelden.jpeg","type":"image\/jpeg"}],"author":"Dr. Kerstin Hoffmann","twitter_card":"summary_large_image","twitter_misc":{"Verfasst von":"Dr. Kerstin Hoffmann","Gesch\u00e4tzte Lesezeit":"8\u00a0Minuten"},"schema":{"@context":"https:\/\/schema.org","@graph":[{"@type":"Article","@id":"https:\/\/www.kerstin-hoffmann.de\/pr-doktor\/ich-schmeiss-alles-hin-und-melde-mich-bei-facebook-ab\/#article","isPartOf":{"@id":"https:\/\/www.kerstin-hoffmann.de\/pr-doktor\/ich-schmeiss-alles-hin-und-melde-mich-bei-facebook-ab\/"},"author":{"name":"Dr. Kerstin Hoffmann","@id":"https:\/\/www.kerstin-hoffmann.de\/pr-doktor\/#\/schema\/person\/3fd19b0d213c802a9e0f4ab213f8e1be"},"headline":"&#8222;Ich schmei\u00df&#8216; alles hin und melde mich bei Facebook ab!&#8220;","datePublished":"2016-10-04T14:27:22+00:00","dateModified":"2022-03-31T15:25:17+00:00","mainEntityOfPage":{"@id":"https:\/\/www.kerstin-hoffmann.de\/pr-doktor\/ich-schmeiss-alles-hin-und-melde-mich-bei-facebook-ab\/"},"wordCount":1625,"image":{"@id":"https:\/\/www.kerstin-hoffmann.de\/pr-doktor\/ich-schmeiss-alles-hin-und-melde-mich-bei-facebook-ab\/#primaryimage"},"thumbnailUrl":"https:\/\/www.kerstin-hoffmann.de\/pr-doktor\/wp-content\/uploads\/2016\/10\/abmelden.jpeg","keywords":["Personal Branding","Social Media"],"articleSection":["Contentstrategie &amp; Content-Marketing","Social Media"],"inLanguage":"de"},{"@type":"WebPage","@id":"https:\/\/www.kerstin-hoffmann.de\/pr-doktor\/ich-schmeiss-alles-hin-und-melde-mich-bei-facebook-ab\/","url":"https:\/\/www.kerstin-hoffmann.de\/pr-doktor\/ich-schmeiss-alles-hin-und-melde-mich-bei-facebook-ab\/","name":"\"Ich schmei\u00df' alles hin und melde mich bei Facebook ab!\" - PR-Doktor","isPartOf":{"@id":"https:\/\/www.kerstin-hoffmann.de\/pr-doktor\/#website"},"primaryImageOfPage":{"@id":"https:\/\/www.kerstin-hoffmann.de\/pr-doktor\/ich-schmeiss-alles-hin-und-melde-mich-bei-facebook-ab\/#primaryimage"},"image":{"@id":"https:\/\/www.kerstin-hoffmann.de\/pr-doktor\/ich-schmeiss-alles-hin-und-melde-mich-bei-facebook-ab\/#primaryimage"},"thumbnailUrl":"https:\/\/www.kerstin-hoffmann.de\/pr-doktor\/wp-content\/uploads\/2016\/10\/abmelden.jpeg","datePublished":"2016-10-04T14:27:22+00:00","dateModified":"2022-03-31T15:25:17+00:00","author":{"@id":"https:\/\/www.kerstin-hoffmann.de\/pr-doktor\/#\/schema\/person\/3fd19b0d213c802a9e0f4ab213f8e1be"},"description":"Typische Phasen in der Social-Media-Kommunikation \u2013 und sechs hei\u00dfe Tipps zum professionellen Umgang mit dem gro\u00dfen Frust und \u00dcberdruss","breadcrumb":{"@id":"https:\/\/www.kerstin-hoffmann.de\/pr-doktor\/ich-schmeiss-alles-hin-und-melde-mich-bei-facebook-ab\/#breadcrumb"},"inLanguage":"de","potentialAction":[{"@type":"ReadAction","target":["https:\/\/www.kerstin-hoffmann.de\/pr-doktor\/ich-schmeiss-alles-hin-und-melde-mich-bei-facebook-ab\/"]}]},{"@type":"ImageObject","inLanguage":"de","@id":"https:\/\/www.kerstin-hoffmann.de\/pr-doktor\/ich-schmeiss-alles-hin-und-melde-mich-bei-facebook-ab\/#primaryimage","url":"https:\/\/www.kerstin-hoffmann.de\/pr-doktor\/wp-content\/uploads\/2016\/10\/abmelden.jpeg","contentUrl":"https:\/\/www.kerstin-hoffmann.de\/pr-doktor\/wp-content\/uploads\/2016\/10\/abmelden.jpeg","width":511,"height":297},{"@type":"BreadcrumbList","@id":"https:\/\/www.kerstin-hoffmann.de\/pr-doktor\/ich-schmeiss-alles-hin-und-melde-mich-bei-facebook-ab\/#breadcrumb","itemListElement":[{"@type":"ListItem","position":1,"name":"Start","item":"https:\/\/www.kerstin-hoffmann.de\/pr-doktor\/"},{"@type":"ListItem","position":2,"name":"&#8222;Ich schmei\u00df&#8216; alles hin und melde mich bei Facebook ab!&#8220;"}]},{"@type":"WebSite","@id":"https:\/\/www.kerstin-hoffmann.de\/pr-doktor\/#website","url":"https:\/\/www.kerstin-hoffmann.de\/pr-doktor\/","name":"PR-Doktor","description":"Magazin f\u00fcr Kommunikation und Marketing","potentialAction":[{"@type":"SearchAction","target":{"@type":"EntryPoint","urlTemplate":"https:\/\/www.kerstin-hoffmann.de\/pr-doktor\/?s={search_term_string}"},"query-input":{"@type":"PropertyValueSpecification","valueRequired":true,"valueName":"search_term_string"}}],"inLanguage":"de"},{"@type":"Person","@id":"https:\/\/www.kerstin-hoffmann.de\/pr-doktor\/#\/schema\/person\/3fd19b0d213c802a9e0f4ab213f8e1be","name":"Dr. Kerstin Hoffmann","description":"Sch\u00f6n, dass Sie hier mitlesen. Ich bin Kerstin Hoffmann. Seit vielen Jahren berate und begleite ich Unternehmen in ihrer Kommunikationsstrategie und im Content-Marketing. Besonders spezialisiert bin ich zudem auf Corporate-Influencer-Strategien. Ich halte Vortr\u00e4ge und schreibe B\u00fccher. Lange habe ich an der Heinrich-Heine-Universit\u00e4t D\u00fcsseldorf gelehrt, bis heute gebe ich Gastvorlesungen an verschiedenen Hochschulen.","sameAs":["https:\/\/www.kerstin-hoffmann.de"],"url":"https:\/\/www.kerstin-hoffmann.de\/pr-doktor\/author\/kerstinhoffmann\/"}]}},"_links":{"self":[{"href":"https:\/\/www.kerstin-hoffmann.de\/pr-doktor\/wp-json\/wp\/v2\/posts\/16442","targetHints":{"allow":["GET"]}}],"collection":[{"href":"https:\/\/www.kerstin-hoffmann.de\/pr-doktor\/wp-json\/wp\/v2\/posts"}],"about":[{"href":"https:\/\/www.kerstin-hoffmann.de\/pr-doktor\/wp-json\/wp\/v2\/types\/post"}],"author":[{"embeddable":true,"href":"https:\/\/www.kerstin-hoffmann.de\/pr-doktor\/wp-json\/wp\/v2\/users\/3"}],"replies":[{"embeddable":true,"href":"https:\/\/www.kerstin-hoffmann.de\/pr-doktor\/wp-json\/wp\/v2\/comments?post=16442"}],"version-history":[{"count":0,"href":"https:\/\/www.kerstin-hoffmann.de\/pr-doktor\/wp-json\/wp\/v2\/posts\/16442\/revisions"}],"wp:featuredmedia":[{"embeddable":true,"href":"https:\/\/www.kerstin-hoffmann.de\/pr-doktor\/wp-json\/wp\/v2\/media\/16445"}],"wp:attachment":[{"href":"https:\/\/www.kerstin-hoffmann.de\/pr-doktor\/wp-json\/wp\/v2\/media?parent=16442"}],"wp:term":[{"taxonomy":"category","embeddable":true,"href":"https:\/\/www.kerstin-hoffmann.de\/pr-doktor\/wp-json\/wp\/v2\/categories?post=16442"},{"taxonomy":"post_tag","embeddable":true,"href":"https:\/\/www.kerstin-hoffmann.de\/pr-doktor\/wp-json\/wp\/v2\/tags?post=16442"}],"curies":[{"name":"wp","href":"https:\/\/api.w.org\/{rel}","templated":true}]}}